{"id":13225,"date":"2022-05-29T20:31:44","date_gmt":"2022-05-29T23:31:44","guid":{"rendered":"https:\/\/blogs.gazetaesportiva.com\/albertohelena\/?p=13225"},"modified":"2022-05-29T20:36:11","modified_gmt":"2022-05-29T23:36:11","slug":"ta-gozado","status":"publish","type":"post","link":"https:\/\/blogs.gazetaesportiva.com\/albertohelena\/2022\/05\/29\/ta-gozado\/","title":{"rendered":"T\u00e1 gozado!"},"content":{"rendered":"<figure id=\"attachment_13226\" aria-describedby=\"caption-attachment-13226\" style=\"width: 1106px\" class=\"wp-caption aligncenter\"><a href=\"https:\/\/blogs.gazetaesportiva.com\/albertohelena\/files\/2022\/05\/santos-palmeiras1_290522.jpg\"><img loading=\"lazy\" decoding=\"async\" data-attachment-id=\"13226\" data-permalink=\"https:\/\/blogs.gazetaesportiva.com\/albertohelena\/2022\/05\/29\/ta-gozado\/santos-palmeiras1_290522\/\" data-orig-file=\"https:\/\/blogs.gazetaesportiva.com\/albertohelena\/files\/2022\/05\/santos-palmeiras1_290522.jpg\" data-orig-size=\"1106,706\" data-comments-opened=\"1\" data-image-meta=\"{&quot;aperture&quot;:&quot;0&quot;,&quot;credit&quot;:&quot;&quot;,&quot;camera&quot;:&quot;&quot;,&quot;caption&quot;:&quot;&quot;,&quot;created_timestamp&quot;:&quot;0&quot;,&quot;copyright&quot;:&quot;&quot;,&quot;focal_length&quot;:&quot;0&quot;,&quot;iso&quot;:&quot;0&quot;,&quot;shutter_speed&quot;:&quot;0&quot;,&quot;title&quot;:&quot;&quot;,&quot;orientation&quot;:&quot;0&quot;}\" data-image-title=\"santos-palmeiras1_290522\" data-image-description=\"\" data-image-caption=\"&lt;p&gt;Foto: Divulga\u00e7\u00e3o&lt;\/p&gt;\n\" data-medium-file=\"https:\/\/blogs.gazetaesportiva.com\/albertohelena\/files\/2022\/05\/santos-palmeiras1_290522-300x192.jpg\" data-large-file=\"https:\/\/blogs.gazetaesportiva.com\/albertohelena\/files\/2022\/05\/santos-palmeiras1_290522-1024x654.jpg\" class=\"size-full wp-image-13226\" src=\"https:\/\/blogs.gazetaesportiva.com\/albertohelena\/files\/2022\/05\/santos-palmeiras1_290522.jpg\" alt=\"\" width=\"1106\" height=\"706\" srcset=\"https:\/\/blogs.gazetaesportiva.com\/albertohelena\/files\/2022\/05\/santos-palmeiras1_290522.jpg 1106w, https:\/\/blogs.gazetaesportiva.com\/albertohelena\/files\/2022\/05\/santos-palmeiras1_290522-300x192.jpg 300w, https:\/\/blogs.gazetaesportiva.com\/albertohelena\/files\/2022\/05\/santos-palmeiras1_290522-768x490.jpg 768w, https:\/\/blogs.gazetaesportiva.com\/albertohelena\/files\/2022\/05\/santos-palmeiras1_290522-1024x654.jpg 1024w\" sizes=\"auto, (max-width: 1106px) 100vw, 1106px\" \/><\/a><figcaption id=\"caption-attachment-13226\" class=\"wp-caption-text\">Foto: Divulga\u00e7\u00e3o<\/figcaption><\/figure>\n<p>T\u00e1 muito engra\u00e7ada essa disputa pela lideran\u00e7a do Brasileir\u00e3o, com v\u00e1rias surpresas frequentando o topo do tabela, de rodada a rodada.<\/p>\n<p>Nesta rodada do Brasileir\u00e3o do fim de semana, tr\u00eas outros grandes paulistas brigavam pra desbancar o quarto deles &#8211; o Tim\u00e3o, at\u00e9 ent\u00e3o l\u00edder.<\/p>\n<p>Eis que o S\u00e3o Paulo, no s\u00e1bado, trope\u00e7a no Morumbi diante do Cear\u00e1 ao ceder o empate por 2 a 2 no segundo tempo, em jogo morno. (C\u00e1 entre n\u00f3s, botar tr\u00eas beques para o Arboleda sair jogando \u00e9 o mesmo que tomar cicuta com coca-cola).<\/p>\n<p>No jogo da tarde de domingo, o cl\u00e1ssico na Vila, o Palmeiras acabou vencendo o Santos por 1 a 0, gol de p\u00eanalti de Veiga (ops, desculpe, \u00e9 a for\u00e7a do h\u00e1bito, pois o infal\u00edvel Veiga falhou ao meter a bola no travess\u00e3o). Rebobino e volto ao ponto em que Gomez, aos 35 do segundo tempo marca o gol da vit\u00f3ria verde.<\/p>\n<p>Bem que o Santos criou algumas chances, todas conjuradas por Lomba, em tarde inspirada. E at\u00e9 chegou a jogar melhor do que o Palmeiras em alguns momentos da partida. Mesmo porque a sensa\u00e7\u00e3o era a de que o Verd\u00e3o, aquele Verd\u00e3o que vinha deslizando em campo, limitava-se a atuar no quadrado do \u00f3bvio, sem inspira\u00e7\u00e3o e agressividade peculiares.<\/p>\n<p>Dessa forma, acabou saltando para o lugar que lhe \u00e9 devido pelo desempenho em geral e pelos pontos conquistado: a lideran\u00e7a.<\/p>\n<p>Isto \u00e9: se o Corinthians, a seguir, n\u00e3o pisasse na bola diante do Am\u00e9rica mineiro. Pisou. E pisou feio, praticando um jogo bisonho, descoordenado, aflito. Basta dizer que Renato Augusto, o principal articulador desse time, passou o primeiro tempo todo na ponta esquerda ou na direita, \u00e1reas que obviamente n\u00e3o lhe permitem organizar coisa alguma.<\/p>\n<p>J\u00e1 o Am\u00e9rica, do excelente Mancini, sabia de cor e salteado tudo que tinha de fazer em campo: bem distribu\u00eddo no gramado, marcando firme o meio de campo advers\u00e1rio e insistindo em jogadas de profundidade em dire\u00e7\u00e3o a Alo\u00edsio.\u00a0 E assim meteu uma bola no travess\u00e3o de C\u00e1ssio, que ainda teve de acumular duas ou tr\u00eas defesas dif\u00edceis, como de h\u00e1bito, e abriu a contagem com Alo\u00edsio, aos 21 minutos.<\/p>\n<p>Mas, salvou-se o Tim\u00e3o, num abafa agoniante com Mosquito pegando de jeito sobra de Ja\u00edlson, na sequ\u00eancia de corner cobrado da direita.<\/p>\n<p>A verdade \u00e9 que somando os tr\u00eas jogos do fim de semana n\u00e3o restaram mais do que cinco ou dez minutos de futebol bem jogado, com lances de alta classe e emo\u00e7\u00e3o suficiente pra tanto investimento. Nem de longe.<\/p>\n<p>&nbsp;<\/p>\n","protected":false},"excerpt":{"rendered":"<p>T\u00e1 muito engra\u00e7ada essa disputa pela lideran\u00e7a do Brasileir\u00e3o, com v\u00e1rias surpresas frequentando o topo do tabela, de rodada a rodada. Nesta rodada do Brasileir\u00e3o <a class=\"read-more\" href=\"https:\/\/blogs.gazetaesportiva.com\/albertohelena\/2022\/05\/29\/ta-gozado\/\">leia mais<\/a><\/p>\n","protected":false},"author":46,"featured_media":13226,"comment_status":"open","ping_status":"open","sticky":false,"template":"","format":"standard","meta":{"_jetpack_newsletter_access":"","_jetpack_dont_email_post_to_subs":false,"_jetpack_newsletter_tier_id":0,"_jetpack_memberships_contains_paywalled_content":false,"_jetpack_memberships_contains_paid_content":false,"footnotes":""},"categories":[1],"tags":[],"class_list":["post-13225","post","type-post","status-publish","format-standard","has-post-thumbnail","hentry","category-sem-categoria"],"jetpack_featured_media_url":"https:\/\/blogs.gazetaesportiva.com\/albertohelena\/files\/2022\/05\/santos-palmeiras1_290522.jpg","jetpack_sharing_enabled":true,"jetpack_shortlink":"https:\/\/wp.me\/pekB7q-3rj","_links":{"self":[{"href":"https:\/\/blogs.gazetaesportiva.com\/albertohelena\/wp-json\/wp\/v2\/posts\/13225","targetHints":{"allow":["GET"]}}],"collection":[{"href":"https:\/\/blogs.gazetaesportiva.com\/albertohelena\/wp-json\/wp\/v2\/posts"}],"about":[{"href":"https:\/\/blogs.gazetaesportiva.com\/albertohelena\/wp-json\/wp\/v2\/types\/post"}],"author":[{"embeddable":true,"href":"https:\/\/blogs.gazetaesportiva.com\/albertohelena\/wp-json\/wp\/v2\/users\/46"}],"replies":[{"embeddable":true,"href":"https:\/\/blogs.gazetaesportiva.com\/albertohelena\/wp-json\/wp\/v2\/comments?post=13225"}],"version-history":[{"count":0,"href":"https:\/\/blogs.gazetaesportiva.com\/albertohelena\/wp-json\/wp\/v2\/posts\/13225\/revisions"}],"wp:featuredmedia":[{"embeddable":true,"href":"https:\/\/blogs.gazetaesportiva.com\/albertohelena\/wp-json\/wp\/v2\/media\/13226"}],"wp:attachment":[{"href":"https:\/\/blogs.gazetaesportiva.com\/albertohelena\/wp-json\/wp\/v2\/media?parent=13225"}],"wp:term":[{"taxonomy":"category","embeddable":true,"href":"https:\/\/blogs.gazetaesportiva.com\/albertohelena\/wp-json\/wp\/v2\/categories?post=13225"},{"taxonomy":"post_tag","embeddable":true,"href":"https:\/\/blogs.gazetaesportiva.com\/albertohelena\/wp-json\/wp\/v2\/tags?post=13225"}],"curies":[{"name":"wp","href":"https:\/\/api.w.org\/{rel}","templated":true}]}}