{"id":13221,"date":"2022-05-26T23:42:20","date_gmt":"2022-05-27T02:42:20","guid":{"rendered":"https:\/\/blogs.gazetaesportiva.com\/albertohelena\/?p=13221"},"modified":"2022-05-27T00:44:29","modified_gmt":"2022-05-27T03:44:29","slug":"o-pa-te-liga","status":"publish","type":"post","link":"https:\/\/blogs.gazetaesportiva.com\/albertohelena\/2022\/05\/26\/o-pa-te-liga\/","title":{"rendered":"\u00d3, p\u00e1, te liga!"},"content":{"rendered":"<figure id=\"attachment_13223\" aria-describedby=\"caption-attachment-13223\" style=\"width: 2000px\" class=\"wp-caption aligncenter\"><a href=\"https:\/\/blogs.gazetaesportiva.com\/albertohelena\/files\/2022\/05\/agenciacorinthians-foto-192285.jpg\"><img loading=\"lazy\" decoding=\"async\" data-attachment-id=\"13223\" data-permalink=\"https:\/\/blogs.gazetaesportiva.com\/albertohelena\/2022\/05\/26\/o-pa-te-liga\/agenciacorinthians-foto-192285\/\" data-orig-file=\"https:\/\/blogs.gazetaesportiva.com\/albertohelena\/files\/2022\/05\/agenciacorinthians-foto-192285.jpg\" data-orig-size=\"2000,1412\" data-comments-opened=\"1\" data-image-meta=\"{&quot;aperture&quot;:&quot;2.8&quot;,&quot;credit&quot;:&quot;&quot;,&quot;camera&quot;:&quot;Canon EOS 5D Mark III&quot;,&quot;caption&quot;:&quot;&quot;,&quot;created_timestamp&quot;:&quot;1653616277&quot;,&quot;copyright&quot;:&quot;&quot;,&quot;focal_length&quot;:&quot;300&quot;,&quot;iso&quot;:&quot;3200&quot;,&quot;shutter_speed&quot;:&quot;0.0008&quot;,&quot;title&quot;:&quot;&quot;,&quot;orientation&quot;:&quot;0&quot;}\" data-image-title=\"agenciacorinthians-foto-192285\" data-image-description=\"\" data-image-caption=\"&lt;p&gt;Corinthians n\u00e3o conseguiu vencer os reservas do Always Ready (Foto: Divulga\u00e7\u00e3o\/Rodrigo Coca)&lt;\/p&gt;\n\" data-medium-file=\"https:\/\/blogs.gazetaesportiva.com\/albertohelena\/files\/2022\/05\/agenciacorinthians-foto-192285-300x212.jpg\" data-large-file=\"https:\/\/blogs.gazetaesportiva.com\/albertohelena\/files\/2022\/05\/agenciacorinthians-foto-192285-1024x723.jpg\" class=\"size-full wp-image-13223\" src=\"https:\/\/blogs.gazetaesportiva.com\/albertohelena\/files\/2022\/05\/agenciacorinthians-foto-192285.jpg\" alt=\"\" width=\"2000\" height=\"1412\" srcset=\"https:\/\/blogs.gazetaesportiva.com\/albertohelena\/files\/2022\/05\/agenciacorinthians-foto-192285.jpg 2000w, https:\/\/blogs.gazetaesportiva.com\/albertohelena\/files\/2022\/05\/agenciacorinthians-foto-192285-300x212.jpg 300w, https:\/\/blogs.gazetaesportiva.com\/albertohelena\/files\/2022\/05\/agenciacorinthians-foto-192285-768x542.jpg 768w, https:\/\/blogs.gazetaesportiva.com\/albertohelena\/files\/2022\/05\/agenciacorinthians-foto-192285-1024x723.jpg 1024w\" sizes=\"auto, (max-width: 2000px) 100vw, 2000px\" \/><\/a><figcaption id=\"caption-attachment-13223\" class=\"wp-caption-text\">Corinthians n\u00e3o conseguiu vencer reservas do Always Ready (Foto: Divulga\u00e7\u00e3o\/Rodrigo Coca)<\/figcaption><\/figure>\n<p>N\u00e3o \u00e9 que V\u00edtor Pereira care\u00e7a de um intelecto mais sutil, pra darmos uma volta elegante e respeitosa no apodo pespegado de h\u00e1bito por aqui nos seus patr\u00edcios dos tempos do politicamente incorreto.<\/p>\n<p>Digamos que lhe falte uma vis\u00e3o mais agu\u00e7ada para estabelecer suas estrat\u00e9gias de jogo.<\/p>\n<p>Por exemplo, outro dia, contra o S\u00e3o Paulo iniciou o jogo com uma forma\u00e7\u00e3o t\u00e3o descompassada que seu time correu o risco de ir para o vesti\u00e1rio com dois ou tr\u00eas gols no lombo, o que obrigaria seus veteranos a entrarem em jogo sob tens\u00e3o extra, o que lhes provocaria mais desgaste do que se jogassem o tempo inteiro.<\/p>\n<p>Foi mais ou menos isso que se repetiu nesta noite de quinta-feira, em Itaquera.<\/p>\n<p>O Tim\u00e3o precisava vencer &#8211; de prefer\u00eancia, com boa margem de gols &#8211; o Always, representante da Bol\u00edvia, pa\u00eds de tradicional fragilidade nesse fr\u00e1gil universo sul-americano. N\u00e3o s\u00f3 isso: precisava vencer o time reserva boliviano pra atingir o cimo da tabela de seu grupo e escapar do confronto com os cancans desta Libertadores: Palmeiras, River, Flamengo e Galo.<\/p>\n<p>Pois n\u00e3o \u00e9 que o lusitano repete a mesma toada? Come\u00e7ou com um time recheado de garotos, numa forma\u00e7\u00e3o esdr\u00faxula pela aus\u00eancia de Fagner e seu reserva imediato, Ramos, e ficou por ali pesquisando o que fazer. Por sorte, Adson, num passe exato de Renato Augusto, abriu a contagem, mas, no finzinho desse per\u00edodo, Bambu bambeia, entrega a bola pra Borja (n\u00e3o \u00e9\u00a0 aquele, viu?) que fatura o empate.<\/p>\n<p>A\u00ed, no segundo tempo, o portugu\u00eas socorre-se de seu batalh\u00e3o de elite, com a turma toda j\u00e1 inquieta, nas arquibancadas e no campo. Promove uma blitz sobre a \u00e1rea advers\u00e1ria, mete duas bolas nas traves, perde dois gols cara a cara com o goleiro que deixou o campo com o trof\u00e9u de melhor do jogo pelas outras defesas providenciais que produziu.<\/p>\n<p>\u00d3, p\u00e1, te liga meu!<\/p>\n<p>&nbsp;<\/p>\n","protected":false},"excerpt":{"rendered":"<p>N\u00e3o \u00e9 que V\u00edtor Pereira care\u00e7a de um intelecto mais sutil, pra darmos uma volta elegante e respeitosa no apodo pespegado de h\u00e1bito por aqui <a class=\"read-more\" href=\"https:\/\/blogs.gazetaesportiva.com\/albertohelena\/2022\/05\/26\/o-pa-te-liga\/\">leia mais<\/a><\/p>\n","protected":false},"author":46,"featured_media":13223,"comment_status":"open","ping_status":"open","sticky":false,"template":"","format":"standard","meta":{"_jetpack_newsletter_access":"","_jetpack_dont_email_post_to_subs":false,"_jetpack_newsletter_tier_id":0,"_jetpack_memberships_contains_paywalled_content":false,"_jetpack_memberships_contains_paid_content":false,"footnotes":""},"categories":[1],"tags":[],"class_list":["post-13221","post","type-post","status-publish","format-standard","has-post-thumbnail","hentry","category-sem-categoria"],"jetpack_featured_media_url":"https:\/\/blogs.gazetaesportiva.com\/albertohelena\/files\/2022\/05\/agenciacorinthians-foto-192285.jpg","jetpack_sharing_enabled":true,"jetpack_shortlink":"https:\/\/wp.me\/pekB7q-3rf","_links":{"self":[{"href":"https:\/\/blogs.gazetaesportiva.com\/albertohelena\/wp-json\/wp\/v2\/posts\/13221","targetHints":{"allow":["GET"]}}],"collection":[{"href":"https:\/\/blogs.gazetaesportiva.com\/albertohelena\/wp-json\/wp\/v2\/posts"}],"about":[{"href":"https:\/\/blogs.gazetaesportiva.com\/albertohelena\/wp-json\/wp\/v2\/types\/post"}],"author":[{"embeddable":true,"href":"https:\/\/blogs.gazetaesportiva.com\/albertohelena\/wp-json\/wp\/v2\/users\/46"}],"replies":[{"embeddable":true,"href":"https:\/\/blogs.gazetaesportiva.com\/albertohelena\/wp-json\/wp\/v2\/comments?post=13221"}],"version-history":[{"count":0,"href":"https:\/\/blogs.gazetaesportiva.com\/albertohelena\/wp-json\/wp\/v2\/posts\/13221\/revisions"}],"wp:featuredmedia":[{"embeddable":true,"href":"https:\/\/blogs.gazetaesportiva.com\/albertohelena\/wp-json\/wp\/v2\/media\/13223"}],"wp:attachment":[{"href":"https:\/\/blogs.gazetaesportiva.com\/albertohelena\/wp-json\/wp\/v2\/media?parent=13221"}],"wp:term":[{"taxonomy":"category","embeddable":true,"href":"https:\/\/blogs.gazetaesportiva.com\/albertohelena\/wp-json\/wp\/v2\/categories?post=13221"},{"taxonomy":"post_tag","embeddable":true,"href":"https:\/\/blogs.gazetaesportiva.com\/albertohelena\/wp-json\/wp\/v2\/tags?post=13221"}],"curies":[{"name":"wp","href":"https:\/\/api.w.org\/{rel}","templated":true}]}}