{"id":13217,"date":"2022-05-22T18:41:14","date_gmt":"2022-05-22T21:41:14","guid":{"rendered":"https:\/\/blogs.gazetaesportiva.com\/albertohelena\/?p=13217"},"modified":"2022-05-22T18:46:10","modified_gmt":"2022-05-22T21:46:10","slug":"rogerio-1-vitor-1","status":"publish","type":"post","link":"https:\/\/blogs.gazetaesportiva.com\/albertohelena\/2022\/05\/22\/rogerio-1-vitor-1\/","title":{"rendered":"Rog\u00e9rio 1, V\u00edtor 1"},"content":{"rendered":"<figure id=\"attachment_13219\" aria-describedby=\"caption-attachment-13219\" style=\"width: 800px\" class=\"wp-caption aligncenter\"><a href=\"https:\/\/blogs.gazetaesportiva.com\/albertohelena\/files\/2022\/05\/Dedo.jpg\"><img loading=\"lazy\" decoding=\"async\" data-attachment-id=\"13219\" data-permalink=\"https:\/\/blogs.gazetaesportiva.com\/albertohelena\/2022\/05\/22\/rogerio-1-vitor-1\/dedo\/\" data-orig-file=\"https:\/\/blogs.gazetaesportiva.com\/albertohelena\/files\/2022\/05\/Dedo.jpg\" data-orig-size=\"800,515\" data-comments-opened=\"1\" data-image-meta=\"{&quot;aperture&quot;:&quot;0&quot;,&quot;credit&quot;:&quot;&quot;,&quot;camera&quot;:&quot;&quot;,&quot;caption&quot;:&quot;&quot;,&quot;created_timestamp&quot;:&quot;0&quot;,&quot;copyright&quot;:&quot;&quot;,&quot;focal_length&quot;:&quot;0&quot;,&quot;iso&quot;:&quot;0&quot;,&quot;shutter_speed&quot;:&quot;0&quot;,&quot;title&quot;:&quot;&quot;,&quot;orientation&quot;:&quot;0&quot;}\" data-image-title=\"Dedo\" data-image-description=\"\" data-image-caption=\"&lt;p&gt;Raul Gustavo e Calleri discutem em Itaquera (Foto: Divulga\u00e7\u00e3o\/Rubens Chiri)&lt;\/p&gt;\n\" data-medium-file=\"https:\/\/blogs.gazetaesportiva.com\/albertohelena\/files\/2022\/05\/Dedo-300x193.jpg\" data-large-file=\"https:\/\/blogs.gazetaesportiva.com\/albertohelena\/files\/2022\/05\/Dedo.jpg\" class=\"size-full wp-image-13219\" src=\"https:\/\/blogs.gazetaesportiva.com\/albertohelena\/files\/2022\/05\/Dedo.jpg\" alt=\"\" width=\"800\" height=\"515\" srcset=\"https:\/\/blogs.gazetaesportiva.com\/albertohelena\/files\/2022\/05\/Dedo.jpg 800w, https:\/\/blogs.gazetaesportiva.com\/albertohelena\/files\/2022\/05\/Dedo-300x193.jpg 300w, https:\/\/blogs.gazetaesportiva.com\/albertohelena\/files\/2022\/05\/Dedo-768x494.jpg 768w\" sizes=\"auto, (max-width: 800px) 100vw, 800px\" \/><\/a><figcaption id=\"caption-attachment-13219\" class=\"wp-caption-text\">Raul Gustavo e Calleri discutem em Itaquera (Foto: Divulga\u00e7\u00e3o\/Rubens Chiri)<\/figcaption><\/figure>\n<p>Pode-se definir esse empate entre Corinthians e S\u00e3o Paulo pelos erros e acertos dos dois treinadores.<\/p>\n<p>A mancada inicial coube ao portugu\u00eas, que, jogando em casa, como l\u00edder do campeonato, tendo aquele Bando de Loucos apoiando a equipe, decidiu entrar em campo com tr\u00eas zagueiros, dois volantes etc., forma\u00e7\u00e3o t\u00edpica de time pequeno jogando na casa de um eventual poderoso inimigo.<\/p>\n<p>Esquema similar ao adotado por Rog\u00e9rio, que afinal encontrava-se em posi\u00e7\u00e3o oposta.<\/p>\n<p>Sucede que o meio de campo e as laterais tricolores estavam mais ajustadas; por conseguinte, o Tricolor dominou, o primeiro e criou as melhores chances, como a do gol de Calleri e aquelas tr\u00eas defesas fabulosas de C\u00e1ssio em sequ\u00eancia.<\/p>\n<p>Quando os times foram para os vesti\u00e1rios no intervalo, o S\u00e3o Paulo n\u00e3o s\u00f3 vencia o l\u00edder como ainda por cima tomava-lhe o trono.<\/p>\n<p>Eis que, na volta, V\u00edtor Pereira fez uma gambiarra no seu time, ao sacar um dos tr\u00eas zagueiros (Gil) e colocando em seu lugar um atacante, o menino Adson.<\/p>\n<p>Inexplicavelmente, Rog\u00e9rio decidiu tirar os dois laterais (Igor Vinicius e Reinaldo), que eram as v\u00e1lvulas de escape do time, al\u00e9m de Luciano, que vinha bem na partida. N\u00e3o bastasse isso,\u00a0 mais adiante, retirou Nestor, o melhor jogador do Tricolor at\u00e9 ent\u00e3o, pra escalar David Neves, um volante que nem \u00e9 um gigante na marca\u00e7\u00e3o, tampouco um passador em\u00e9rito.<\/p>\n<p>Resultado: no segundo tempo, s\u00f3 deu Corinthians, que alcan\u00e7ou seu gol com Adson, de cabe\u00e7a, al\u00e9m de criar mais umas tr\u00eas boas oportunidades para virar o placar.<\/p>\n<p>Contudo, a maior de todas as chances acabou sendo do S\u00e3o Paulo, j\u00e1 nos descontos, com aquela cabe\u00e7ada de Igor Gomes, na cara de C\u00e1ssio, que, ao fazer a defesa espetacular, machucou-se e deixou o campo.<\/p>\n<p>Assim, o Tim\u00e3o manteve-se no topo da tabela, enquanto o S\u00e3o Paulo segue na caminhada. evitando passar por Itaquera, onde sempre trope\u00e7a.<\/p>\n<p>&nbsp;<\/p>\n<p>&nbsp;<\/p>\n","protected":false},"excerpt":{"rendered":"<p>Pode-se definir esse empate entre Corinthians e S\u00e3o Paulo pelos erros e acertos dos dois treinadores. A mancada inicial coube ao portugu\u00eas, que, jogando em <a class=\"read-more\" href=\"https:\/\/blogs.gazetaesportiva.com\/albertohelena\/2022\/05\/22\/rogerio-1-vitor-1\/\">leia mais<\/a><\/p>\n","protected":false},"author":46,"featured_media":13219,"comment_status":"open","ping_status":"open","sticky":false,"template":"","format":"standard","meta":{"_jetpack_newsletter_access":"","_jetpack_dont_email_post_to_subs":false,"_jetpack_newsletter_tier_id":0,"_jetpack_memberships_contains_paywalled_content":false,"_jetpack_memberships_contains_paid_content":false,"footnotes":""},"categories":[1],"tags":[],"class_list":["post-13217","post","type-post","status-publish","format-standard","has-post-thumbnail","hentry","category-sem-categoria"],"jetpack_featured_media_url":"https:\/\/blogs.gazetaesportiva.com\/albertohelena\/files\/2022\/05\/Dedo.jpg","jetpack_sharing_enabled":true,"jetpack_shortlink":"https:\/\/wp.me\/pekB7q-3rb","_links":{"self":[{"href":"https:\/\/blogs.gazetaesportiva.com\/albertohelena\/wp-json\/wp\/v2\/posts\/13217","targetHints":{"allow":["GET"]}}],"collection":[{"href":"https:\/\/blogs.gazetaesportiva.com\/albertohelena\/wp-json\/wp\/v2\/posts"}],"about":[{"href":"https:\/\/blogs.gazetaesportiva.com\/albertohelena\/wp-json\/wp\/v2\/types\/post"}],"author":[{"embeddable":true,"href":"https:\/\/blogs.gazetaesportiva.com\/albertohelena\/wp-json\/wp\/v2\/users\/46"}],"replies":[{"embeddable":true,"href":"https:\/\/blogs.gazetaesportiva.com\/albertohelena\/wp-json\/wp\/v2\/comments?post=13217"}],"version-history":[{"count":0,"href":"https:\/\/blogs.gazetaesportiva.com\/albertohelena\/wp-json\/wp\/v2\/posts\/13217\/revisions"}],"wp:featuredmedia":[{"embeddable":true,"href":"https:\/\/blogs.gazetaesportiva.com\/albertohelena\/wp-json\/wp\/v2\/media\/13219"}],"wp:attachment":[{"href":"https:\/\/blogs.gazetaesportiva.com\/albertohelena\/wp-json\/wp\/v2\/media?parent=13217"}],"wp:term":[{"taxonomy":"category","embeddable":true,"href":"https:\/\/blogs.gazetaesportiva.com\/albertohelena\/wp-json\/wp\/v2\/categories?post=13217"},{"taxonomy":"post_tag","embeddable":true,"href":"https:\/\/blogs.gazetaesportiva.com\/albertohelena\/wp-json\/wp\/v2\/tags?post=13217"}],"curies":[{"name":"wp","href":"https:\/\/api.w.org\/{rel}","templated":true}]}}