{"id":13214,"date":"2022-05-22T14:27:45","date_gmt":"2022-05-22T17:27:45","guid":{"rendered":"https:\/\/blogs.gazetaesportiva.com\/albertohelena\/?p=13214"},"modified":"2022-05-22T15:03:55","modified_gmt":"2022-05-22T18:03:55","slug":"a-magia-do-city","status":"publish","type":"post","link":"https:\/\/blogs.gazetaesportiva.com\/albertohelena\/2022\/05\/22\/a-magia-do-city\/","title":{"rendered":"A magia do City"},"content":{"rendered":"<figure id=\"attachment_13215\" aria-describedby=\"caption-attachment-13215\" style=\"width: 4703px\" class=\"wp-caption aligncenter\"><a href=\"https:\/\/blogs.gazetaesportiva.com\/albertohelena\/files\/2022\/05\/000_32AT3FV.jpg\"><img loading=\"lazy\" decoding=\"async\" data-attachment-id=\"13215\" data-permalink=\"https:\/\/blogs.gazetaesportiva.com\/albertohelena\/2022\/05\/22\/a-magia-do-city\/fbl-eng-pr-man-city-aston-villa\/\" data-orig-file=\"https:\/\/blogs.gazetaesportiva.com\/albertohelena\/files\/2022\/05\/000_32AT3FV.jpg\" data-orig-size=\"4703,3135\" data-comments-opened=\"1\" data-image-meta=\"{&quot;aperture&quot;:&quot;0&quot;,&quot;credit&quot;:&quot;AFP&quot;,&quot;camera&quot;:&quot;&quot;,&quot;caption&quot;:&quot;Manchester City&#039;s Spanish manager Pep Guardiola goes for the the Premier League trophy as he prepares to celebrate their title during the award ceremony after the English Premier League football match between Manchester City and Aston Villa at the Etihad Stadium in Manchester, north west England, on May 22, 2022. (Photo by Oli SCARFF \\\/ AFP) \\\/ RESTRICTED TO EDITORIAL USE. No use with unauthorized audio, video, data, fixture lists, club\\\/league logos or &#039;live&#039; services. Online in-match use limited to 120 images. An additional 40 images may be used in extra time. No video emulation. Social media in-match use limited to 120 images. An additional 40 images may be used in extra time. No use in betting publications, games or single club\\\/league\\\/player publications. \\\/&quot;,&quot;created_timestamp&quot;:&quot;1653241266&quot;,&quot;copyright&quot;:&quot;AFP or Licensors&quot;,&quot;focal_length&quot;:&quot;0&quot;,&quot;iso&quot;:&quot;0&quot;,&quot;shutter_speed&quot;:&quot;0&quot;,&quot;title&quot;:&quot;FBL-ENG-PR-MAN CITY-ASTON VILLA&quot;,&quot;orientation&quot;:&quot;0&quot;}\" data-image-title=\"FBL-ENG-PR-MAN CITY-ASTON VILLA\" data-image-description=\"\" data-image-caption=\"&lt;p&gt;T\u00e9cnico Pep Guardiola celebra t\u00edtulo ingl\u00eas (Foto: AFP\/Oli Scarff)&lt;\/p&gt;\n\" data-medium-file=\"https:\/\/blogs.gazetaesportiva.com\/albertohelena\/files\/2022\/05\/000_32AT3FV-300x200.jpg\" data-large-file=\"https:\/\/blogs.gazetaesportiva.com\/albertohelena\/files\/2022\/05\/000_32AT3FV-1024x683.jpg\" class=\"size-full wp-image-13215\" src=\"https:\/\/blogs.gazetaesportiva.com\/albertohelena\/files\/2022\/05\/000_32AT3FV.jpg\" alt=\"\" width=\"4703\" height=\"3135\" srcset=\"https:\/\/blogs.gazetaesportiva.com\/albertohelena\/files\/2022\/05\/000_32AT3FV.jpg 4703w, https:\/\/blogs.gazetaesportiva.com\/albertohelena\/files\/2022\/05\/000_32AT3FV-300x200.jpg 300w, https:\/\/blogs.gazetaesportiva.com\/albertohelena\/files\/2022\/05\/000_32AT3FV-768x512.jpg 768w, https:\/\/blogs.gazetaesportiva.com\/albertohelena\/files\/2022\/05\/000_32AT3FV-1024x683.jpg 1024w, https:\/\/blogs.gazetaesportiva.com\/albertohelena\/files\/2022\/05\/000_32AT3FV-120x80.jpg 120w\" sizes=\"auto, (max-width: 4703px) 100vw, 4703px\" \/><\/a><figcaption id=\"caption-attachment-13215\" class=\"wp-caption-text\">T\u00e9cnico Pep Guardiola celebra t\u00edtulo ingl\u00eas (Foto: AFP\/Oli Scarff)<\/figcaption><\/figure>\n<p>Confesso que h\u00e1 muitos e muitos anos n\u00e3o torcia por um time como o fiz neste in\u00edcio de tarde de olho no Manchester City, dirigido por esse g\u00eanio da beira do campo, o Pep Guardiola, que, em cinco anos de Manchester acaba de levantar o quarto t\u00edtulo da principal Liga de futebol do mundo.<\/p>\n<p>Tampouco fiquei angustiado quando j\u00e1 segundo tempo adiante, o Aston Vila vencia por 2 a 0, na \u00faltima rodada de um campeonato em que o Liverpool de Klopp estava a um passo de roubar o t\u00edtulo ao vencer o Wolfhampton por 3 a 1. Isso, porque na Inglaterra reina a m\u00e1xima de Chacrinha: o jogo s\u00f3 termina quando acaba.<\/p>\n<p>E, em cinco minutos, eis que o City virou pra 3 a 2, com dois gols de Gundogan e um de Rodri.<\/p>\n<p>Embora evidenciando o nervosismo pela situa\u00e7\u00e3o peculiar, o City dominava a bola e os espa\u00e7os, mas sem aquela tradicional flu\u00eancia quando se aproximava da \u00e1rea inimiga.<\/p>\n<p>Isso s\u00f3 passou a ocorrer no segundo tempo, quando Guardiola consertou seu erro inicial, ao passar Cancelo para a lateral-direita e colocando o s\u00edlfide Zinchenko pela esquerda, que, com suas investidas repletas de dribles e velocidade, abriu a retranca do Aston Vila, permitindo a virada sensacional. Sem falar em Gundogan, que entrou como meia-armador e saiu como artilheiro da imensa conquista.<\/p>\n<p>Foi um instante m\u00e1gico, prova de que o futebol vai muito al\u00e9m desse jogo p\u00e1lido e modorrento a que estamos acostumados por aqui.<\/p>\n<p>&nbsp;<\/p>\n","protected":false},"excerpt":{"rendered":"<p>Confesso que h\u00e1 muitos e muitos anos n\u00e3o torcia por um time como o fiz neste in\u00edcio de tarde de olho no Manchester City, dirigido <a class=\"read-more\" href=\"https:\/\/blogs.gazetaesportiva.com\/albertohelena\/2022\/05\/22\/a-magia-do-city\/\">leia mais<\/a><\/p>\n","protected":false},"author":46,"featured_media":13215,"comment_status":"open","ping_status":"open","sticky":false,"template":"","format":"standard","meta":{"_jetpack_newsletter_access":"","_jetpack_dont_email_post_to_subs":false,"_jetpack_newsletter_tier_id":0,"_jetpack_memberships_contains_paywalled_content":false,"_jetpack_memberships_contains_paid_content":false,"footnotes":""},"categories":[1],"tags":[],"class_list":["post-13214","post","type-post","status-publish","format-standard","has-post-thumbnail","hentry","category-sem-categoria"],"jetpack_featured_media_url":"https:\/\/blogs.gazetaesportiva.com\/albertohelena\/files\/2022\/05\/000_32AT3FV.jpg","jetpack_sharing_enabled":true,"jetpack_shortlink":"https:\/\/wp.me\/pekB7q-3r8","_links":{"self":[{"href":"https:\/\/blogs.gazetaesportiva.com\/albertohelena\/wp-json\/wp\/v2\/posts\/13214","targetHints":{"allow":["GET"]}}],"collection":[{"href":"https:\/\/blogs.gazetaesportiva.com\/albertohelena\/wp-json\/wp\/v2\/posts"}],"about":[{"href":"https:\/\/blogs.gazetaesportiva.com\/albertohelena\/wp-json\/wp\/v2\/types\/post"}],"author":[{"embeddable":true,"href":"https:\/\/blogs.gazetaesportiva.com\/albertohelena\/wp-json\/wp\/v2\/users\/46"}],"replies":[{"embeddable":true,"href":"https:\/\/blogs.gazetaesportiva.com\/albertohelena\/wp-json\/wp\/v2\/comments?post=13214"}],"version-history":[{"count":0,"href":"https:\/\/blogs.gazetaesportiva.com\/albertohelena\/wp-json\/wp\/v2\/posts\/13214\/revisions"}],"wp:featuredmedia":[{"embeddable":true,"href":"https:\/\/blogs.gazetaesportiva.com\/albertohelena\/wp-json\/wp\/v2\/media\/13215"}],"wp:attachment":[{"href":"https:\/\/blogs.gazetaesportiva.com\/albertohelena\/wp-json\/wp\/v2\/media?parent=13214"}],"wp:term":[{"taxonomy":"category","embeddable":true,"href":"https:\/\/blogs.gazetaesportiva.com\/albertohelena\/wp-json\/wp\/v2\/categories?post=13214"},{"taxonomy":"post_tag","embeddable":true,"href":"https:\/\/blogs.gazetaesportiva.com\/albertohelena\/wp-json\/wp\/v2\/tags?post=13214"}],"curies":[{"name":"wp","href":"https:\/\/api.w.org\/{rel}","templated":true}]}}