{"id":13212,"date":"2022-05-21T21:22:47","date_gmt":"2022-05-22T00:22:47","guid":{"rendered":"https:\/\/blogs.gazetaesportiva.com\/albertohelena\/?p=13212"},"modified":"2022-05-21T22:16:04","modified_gmt":"2022-05-22T01:16:04","slug":"a-noite-dos-favoritos","status":"publish","type":"post","link":"https:\/\/blogs.gazetaesportiva.com\/albertohelena\/2022\/05\/21\/a-noite-dos-favoritos\/","title":{"rendered":"A noite dos favoritos"},"content":{"rendered":"<p><a href=\"https:\/\/blogs.gazetaesportiva.com\/albertohelena\/files\/2022\/05\/juvxpal9-1024x576.jpg\"><img loading=\"lazy\" decoding=\"async\" data-attachment-id=\"13213\" data-permalink=\"https:\/\/blogs.gazetaesportiva.com\/albertohelena\/2022\/05\/21\/a-noite-dos-favoritos\/juvxpal9-1024x576\/\" data-orig-file=\"https:\/\/blogs.gazetaesportiva.com\/albertohelena\/files\/2022\/05\/juvxpal9-1024x576.jpg\" data-orig-size=\"1024,576\" data-comments-opened=\"1\" data-image-meta=\"{&quot;aperture&quot;:&quot;0&quot;,&quot;credit&quot;:&quot;&quot;,&quot;camera&quot;:&quot;&quot;,&quot;caption&quot;:&quot;&quot;,&quot;created_timestamp&quot;:&quot;0&quot;,&quot;copyright&quot;:&quot;CESAR GRECO&quot;,&quot;focal_length&quot;:&quot;0&quot;,&quot;iso&quot;:&quot;0&quot;,&quot;shutter_speed&quot;:&quot;0&quot;,&quot;title&quot;:&quot;&quot;,&quot;orientation&quot;:&quot;0&quot;}\" data-image-title=\"juvxpal9-1024&amp;#215;576\" data-image-description=\"\" data-image-caption=\"\" data-medium-file=\"https:\/\/blogs.gazetaesportiva.com\/albertohelena\/files\/2022\/05\/juvxpal9-1024x576-300x169.jpg\" data-large-file=\"https:\/\/blogs.gazetaesportiva.com\/albertohelena\/files\/2022\/05\/juvxpal9-1024x576-1024x576.jpg\" class=\"aligncenter wp-image-13213 size-full\" src=\"https:\/\/blogs.gazetaesportiva.com\/albertohelena\/files\/2022\/05\/juvxpal9-1024x576.jpg\" alt=\"\" width=\"1024\" height=\"576\" srcset=\"https:\/\/blogs.gazetaesportiva.com\/albertohelena\/files\/2022\/05\/juvxpal9-1024x576.jpg 1024w, https:\/\/blogs.gazetaesportiva.com\/albertohelena\/files\/2022\/05\/juvxpal9-1024x576-300x169.jpg 300w, https:\/\/blogs.gazetaesportiva.com\/albertohelena\/files\/2022\/05\/juvxpal9-1024x576-768x432.jpg 768w\" sizes=\"auto, (max-width: 1024px) 100vw, 1024px\" \/><\/a><\/p>\n<p>Dois dos tr\u00eas favoritos t\u00e3o decantados\u00a0 antes do in\u00edcio do Brasileir\u00e3o &#8211; merecidamente, diga-se &#8211; come\u00e7aram, nesta noite de s\u00e1bado, uma escalada em dire\u00e7\u00e3o a posi\u00e7\u00f5es na tabela mais dignas de suas possibilidades e expectativas.<\/p>\n<p>Mais cedo, o Flamengo bateu o Goi\u00e1s por 1 a -0, gol de Pedro, em cruzamento exato de Mateuzinho. Justamente Pedro, o jovem artilheiro que mais esquenta banco do que entra em campo.<\/p>\n<p>Desta vez, por\u00e9m, a entrada de Pedro for\u00e7ou a saud\u00e1vel mudan\u00e7a na forma\u00e7\u00e3o do meio de campo rubro-negro, que, enfim, abdicou da figura dos dois volantes, em favor de dois meias (Arrascaeta e Everton Ribeiro), tendo ao seu lado Gabigol e Bruno Henrique. Ou seja: os jogadores do meio de campo em diante mais t\u00e9cnicos e eficientes, todos presentes,<\/p>\n<p>Resultado: o Meng\u00e3o dominou todo o primeiro tempo e poderia ter alcan\u00e7ado um placar mais dilatado, n\u00e3o fosse a providencial a\u00e7\u00e3o do goleiro. No segundo, por\u00e9m, depois da recueta do t\u00e9cnico Paulo Sousa, que foi logo metendo em campo mais dois volantes, ao lado de Ar\u00e3o, al\u00e9m de um terceiro zagueiro, o Mengo sofreu um desnecess\u00e1rio ass\u00e9dio do Goi\u00e1s.<\/p>\n<p>J\u00e1 o Palmeiras, l\u00e1 na serra ga\u00facha, n\u00e3o sofreu inc\u00f4modo do Juventude, a quem bateu por 3 a 0, gols de Z\u00e9 Rafael, Rony e Menino.<\/p>\n<p>E, coincid\u00eancia ou n\u00e3o, tamb\u00e9m o Verd\u00e3o desfilou em campo com apenas o ofensivo Danilo na condi\u00e7\u00e3o de \u00fanico volante, pois Z\u00e9 Rafael \u00e9 um meia de origem e voca\u00e7\u00e3o, que dividiu o sistema de arma\u00e7\u00e3o da sua equipe com um Scarpa endiabrado, cumprindo as fun\u00e7\u00f5es de Veiga &#8211; armando e atacando. E que s\u00f3 n\u00e3o deixou o seu nas redes inimigas porque o goleiro estava com a macaca, saltando de galho em galho com extrema precis\u00e3o.<\/p>\n<p>Enquanto isso o Santos, que circulava l\u00e1 em cima, empatou por 0 a 0 , em Barueri, com o Cear\u00e1, que, por sinal, deu um calor danado ao Peixe.<\/p>\n<p>Assim, o campeonato vai se arrumando de acordo com as expectativas. Isso, claro, se n\u00e3o der inesperada virada.<\/p>\n<p>&nbsp;<\/p>\n<p>&nbsp;<\/p>\n","protected":false},"excerpt":{"rendered":"<p>Dois dos tr\u00eas favoritos t\u00e3o decantados\u00a0 antes do in\u00edcio do Brasileir\u00e3o &#8211; merecidamente, diga-se &#8211; come\u00e7aram, nesta noite de s\u00e1bado, uma escalada em dire\u00e7\u00e3o a <a class=\"read-more\" href=\"https:\/\/blogs.gazetaesportiva.com\/albertohelena\/2022\/05\/21\/a-noite-dos-favoritos\/\">leia mais<\/a><\/p>\n","protected":false},"author":46,"featured_media":13213,"comment_status":"open","ping_status":"open","sticky":false,"template":"","format":"standard","meta":{"_jetpack_newsletter_access":"","_jetpack_dont_email_post_to_subs":false,"_jetpack_newsletter_tier_id":0,"_jetpack_memberships_contains_paywalled_content":false,"_jetpack_memberships_contains_paid_content":false,"footnotes":""},"categories":[1],"tags":[],"class_list":["post-13212","post","type-post","status-publish","format-standard","has-post-thumbnail","hentry","category-sem-categoria"],"jetpack_featured_media_url":"https:\/\/blogs.gazetaesportiva.com\/albertohelena\/files\/2022\/05\/juvxpal9-1024x576.jpg","jetpack_sharing_enabled":true,"jetpack_shortlink":"https:\/\/wp.me\/pekB7q-3r6","_links":{"self":[{"href":"https:\/\/blogs.gazetaesportiva.com\/albertohelena\/wp-json\/wp\/v2\/posts\/13212","targetHints":{"allow":["GET"]}}],"collection":[{"href":"https:\/\/blogs.gazetaesportiva.com\/albertohelena\/wp-json\/wp\/v2\/posts"}],"about":[{"href":"https:\/\/blogs.gazetaesportiva.com\/albertohelena\/wp-json\/wp\/v2\/types\/post"}],"author":[{"embeddable":true,"href":"https:\/\/blogs.gazetaesportiva.com\/albertohelena\/wp-json\/wp\/v2\/users\/46"}],"replies":[{"embeddable":true,"href":"https:\/\/blogs.gazetaesportiva.com\/albertohelena\/wp-json\/wp\/v2\/comments?post=13212"}],"version-history":[{"count":0,"href":"https:\/\/blogs.gazetaesportiva.com\/albertohelena\/wp-json\/wp\/v2\/posts\/13212\/revisions"}],"wp:featuredmedia":[{"embeddable":true,"href":"https:\/\/blogs.gazetaesportiva.com\/albertohelena\/wp-json\/wp\/v2\/media\/13213"}],"wp:attachment":[{"href":"https:\/\/blogs.gazetaesportiva.com\/albertohelena\/wp-json\/wp\/v2\/media?parent=13212"}],"wp:term":[{"taxonomy":"category","embeddable":true,"href":"https:\/\/blogs.gazetaesportiva.com\/albertohelena\/wp-json\/wp\/v2\/categories?post=13212"},{"taxonomy":"post_tag","embeddable":true,"href":"https:\/\/blogs.gazetaesportiva.com\/albertohelena\/wp-json\/wp\/v2\/tags?post=13212"}],"curies":[{"name":"wp","href":"https:\/\/api.w.org\/{rel}","templated":true}]}}