{"id":13208,"date":"2022-05-17T23:59:48","date_gmt":"2022-05-18T02:59:48","guid":{"rendered":"https:\/\/blogs.gazetaesportiva.com\/albertohelena\/?p=13208"},"modified":"2022-05-18T00:10:48","modified_gmt":"2022-05-18T03:10:48","slug":"timao-e-a-goleada-da-retranca","status":"publish","type":"post","link":"https:\/\/blogs.gazetaesportiva.com\/albertohelena\/2022\/05\/17\/timao-e-a-goleada-da-retranca\/","title":{"rendered":"Tim\u00e3o e a goleada da retranca"},"content":{"rendered":"<figure id=\"attachment_13209\" aria-describedby=\"caption-attachment-13209\" style=\"width: 5370px\" class=\"wp-caption aligncenter\"><a href=\"https:\/\/blogs.gazetaesportiva.com\/albertohelena\/files\/2022\/05\/000_32AC4Z3.jpg\"><img loading=\"lazy\" decoding=\"async\" data-attachment-id=\"13209\" data-permalink=\"https:\/\/blogs.gazetaesportiva.com\/albertohelena\/2022\/05\/17\/timao-e-a-goleada-da-retranca\/fbl-libertadores-boca-corinthians\/\" data-orig-file=\"https:\/\/blogs.gazetaesportiva.com\/albertohelena\/files\/2022\/05\/000_32AC4Z3.jpg\" data-orig-size=\"5370,3532\" data-comments-opened=\"1\" data-image-meta=\"{&quot;aperture&quot;:&quot;0&quot;,&quot;credit&quot;:&quot;AFP&quot;,&quot;camera&quot;:&quot;&quot;,&quot;caption&quot;:&quot;Brazil&#039;s Corinthians players celebrate at the end of their Copa Libertadores group stage football match against Argentina&#039;s Boca Juniors, at the La Bombonera stadium in Buenos Aires, on May 17, 2022. (Photo by ALEJANDRO PAGNI \\\/ AFP)&quot;,&quot;created_timestamp&quot;:&quot;1652840886&quot;,&quot;copyright&quot;:&quot;AFP or licensors&quot;,&quot;focal_length&quot;:&quot;0&quot;,&quot;iso&quot;:&quot;0&quot;,&quot;shutter_speed&quot;:&quot;0&quot;,&quot;title&quot;:&quot;FBL-LIBERTADORES-BOCA-CORINTHIANS&quot;,&quot;orientation&quot;:&quot;0&quot;}\" data-image-title=\"FBL-LIBERTADORES-BOCA-CORINTHIANS\" data-image-description=\"\" data-image-caption=\"&lt;p&gt;Corintianos sa\u00fadam torcida na Bombonera (Foto: AFP\/Alejandro Pagni)&lt;\/p&gt;\n\" data-medium-file=\"https:\/\/blogs.gazetaesportiva.com\/albertohelena\/files\/2022\/05\/000_32AC4Z3-300x197.jpg\" data-large-file=\"https:\/\/blogs.gazetaesportiva.com\/albertohelena\/files\/2022\/05\/000_32AC4Z3-1024x674.jpg\" class=\"size-full wp-image-13209\" src=\"https:\/\/blogs.gazetaesportiva.com\/albertohelena\/files\/2022\/05\/000_32AC4Z3.jpg\" alt=\"\" width=\"5370\" height=\"3532\" srcset=\"https:\/\/blogs.gazetaesportiva.com\/albertohelena\/files\/2022\/05\/000_32AC4Z3.jpg 5370w, https:\/\/blogs.gazetaesportiva.com\/albertohelena\/files\/2022\/05\/000_32AC4Z3-300x197.jpg 300w, https:\/\/blogs.gazetaesportiva.com\/albertohelena\/files\/2022\/05\/000_32AC4Z3-768x505.jpg 768w, https:\/\/blogs.gazetaesportiva.com\/albertohelena\/files\/2022\/05\/000_32AC4Z3-1024x674.jpg 1024w, https:\/\/blogs.gazetaesportiva.com\/albertohelena\/files\/2022\/05\/000_32AC4Z3-120x80.jpg 120w\" sizes=\"auto, (max-width: 5370px) 100vw, 5370px\" \/><\/a><figcaption id=\"caption-attachment-13209\" class=\"wp-caption-text\">Corintianos sa\u00fadam torcida na Bombonera (Foto: AFP\/Alejandro Pagni)<\/figcaption><\/figure>\n<p>Confesso que at\u00e9 me divirto com as acrobacias sem\u00e2nticas dos ilustres coleguinhas na tentativa de revestir de complexidade o mais prim\u00e1rio \u00f3bvio.<\/p>\n<p>No caso, o mais prim\u00e1rio, tosco e elementar \u00f3bvio \u00e9 a retranca deslavada que o t\u00e9cnico V\u00edtor Pereira colocou na Bombonera, diante do Boca, por uma vaga na pr\u00f3xima fase da Libertadores: tr\u00eas beques de of\u00edcio (Raul, Jo\u00e3o Vitor e Bambu), dois laterais (Piton, canhoto pela direita, e F\u00e1bio Santos) e mais dois volantes (Maycon e Du Queiroz), restando apenas tr\u00eas (William, J\u00f4 e Mosquito) destinados a jogar um tantinho de bola do outro lado da linha central do gramado. Resultado: 7 a 3 para o ferrolho.<\/p>\n<p>Sim, \u00e9 verdade que o Boca cresce \u00e0 sombra da Bombonera, gra\u00e7as ao calor da torcida e a ac\u00fastica do est\u00e1dio em forma de caldeir\u00e3o. Mas, que diabo!, o Corinthians tem elenco suficientemente bom e experiente para encarar um Boca que nem de longe lembra seus esquadr\u00f5es do passado. N\u00e3o precisava apequenar-se a esse n\u00edvel, meu!<\/p>\n<p>Em todo caso, no primeiro e solit\u00e1rio avan\u00e7o alvinegro em toda a partida, aos 16 minutos de bola rolando, na sobra de um escanteio cobrado da esquerda, Du abre o placar.<\/p>\n<p>A partir da\u00ed at\u00e9 o apito final, s\u00f3 deu press\u00e3o do Boca, at\u00e9 que Benedetto empatasse o jogo, girando tranquilo entre aquela legi\u00e3o de defensores.<\/p>\n<p>E s\u00f3 n\u00e3o virou o placar por falhas nas finaliza\u00e7\u00f5es e nas defesas providenciais de C\u00e1ssio, como de h\u00e1bito.<\/p>\n<p>Ah, sim, e ainda por cima houve aquele bafaf\u00e1 no segundo tempo em mem\u00f3ria \u00e0s Libertadores do passado que resultou nas expuls\u00f5es de Cantillo e do t\u00e9cnico V\u00edtor Pereira.<\/p>\n<p>Claro que o resultado final de 1 a 1 ficou do tamanho ideal desse Tim\u00e3o que j\u00e1 entrou em campo desejando nada mais do que isso. E, como nestes tempos tacanhos que vivemos em todos os setores, o que vale \u00e9 o resultado, cerveja pra todo mundo!<\/p>\n<p>&nbsp;<\/p>\n<p>&nbsp;<\/p>\n","protected":false},"excerpt":{"rendered":"<p>Confesso que at\u00e9 me divirto com as acrobacias sem\u00e2nticas dos ilustres coleguinhas na tentativa de revestir de complexidade o mais prim\u00e1rio \u00f3bvio. No caso, o <a class=\"read-more\" href=\"https:\/\/blogs.gazetaesportiva.com\/albertohelena\/2022\/05\/17\/timao-e-a-goleada-da-retranca\/\">leia mais<\/a><\/p>\n","protected":false},"author":46,"featured_media":13209,"comment_status":"open","ping_status":"open","sticky":false,"template":"","format":"standard","meta":{"_jetpack_newsletter_access":"","_jetpack_dont_email_post_to_subs":false,"_jetpack_newsletter_tier_id":0,"_jetpack_memberships_contains_paywalled_content":false,"_jetpack_memberships_contains_paid_content":false,"footnotes":""},"categories":[1],"tags":[],"class_list":["post-13208","post","type-post","status-publish","format-standard","has-post-thumbnail","hentry","category-sem-categoria"],"jetpack_featured_media_url":"https:\/\/blogs.gazetaesportiva.com\/albertohelena\/files\/2022\/05\/000_32AC4Z3.jpg","jetpack_sharing_enabled":true,"jetpack_shortlink":"https:\/\/wp.me\/pekB7q-3r2","_links":{"self":[{"href":"https:\/\/blogs.gazetaesportiva.com\/albertohelena\/wp-json\/wp\/v2\/posts\/13208","targetHints":{"allow":["GET"]}}],"collection":[{"href":"https:\/\/blogs.gazetaesportiva.com\/albertohelena\/wp-json\/wp\/v2\/posts"}],"about":[{"href":"https:\/\/blogs.gazetaesportiva.com\/albertohelena\/wp-json\/wp\/v2\/types\/post"}],"author":[{"embeddable":true,"href":"https:\/\/blogs.gazetaesportiva.com\/albertohelena\/wp-json\/wp\/v2\/users\/46"}],"replies":[{"embeddable":true,"href":"https:\/\/blogs.gazetaesportiva.com\/albertohelena\/wp-json\/wp\/v2\/comments?post=13208"}],"version-history":[{"count":0,"href":"https:\/\/blogs.gazetaesportiva.com\/albertohelena\/wp-json\/wp\/v2\/posts\/13208\/revisions"}],"wp:featuredmedia":[{"embeddable":true,"href":"https:\/\/blogs.gazetaesportiva.com\/albertohelena\/wp-json\/wp\/v2\/media\/13209"}],"wp:attachment":[{"href":"https:\/\/blogs.gazetaesportiva.com\/albertohelena\/wp-json\/wp\/v2\/media?parent=13208"}],"wp:term":[{"taxonomy":"category","embeddable":true,"href":"https:\/\/blogs.gazetaesportiva.com\/albertohelena\/wp-json\/wp\/v2\/categories?post=13208"},{"taxonomy":"post_tag","embeddable":true,"href":"https:\/\/blogs.gazetaesportiva.com\/albertohelena\/wp-json\/wp\/v2\/tags?post=13208"}],"curies":[{"name":"wp","href":"https:\/\/api.w.org\/{rel}","templated":true}]}}