{"id":13201,"date":"2022-05-14T21:46:57","date_gmt":"2022-05-15T00:46:57","guid":{"rendered":"https:\/\/blogs.gazetaesportiva.com\/albertohelena\/?p=13201"},"modified":"2022-05-14T22:03:27","modified_gmt":"2022-05-15T01:03:27","slug":"v-erdao-e-timao-esperanca-e-alivio","status":"publish","type":"post","link":"https:\/\/blogs.gazetaesportiva.com\/albertohelena\/2022\/05\/14\/v-erdao-e-timao-esperanca-e-alivio\/","title":{"rendered":"Verd\u00e3o e Tim\u00e3o, esperan\u00e7a e al\u00edvio"},"content":{"rendered":"<p><a href=\"https:\/\/blogs.gazetaesportiva.com\/albertohelena\/files\/2022\/05\/52072601712_393f10857a_c.jpg\"><img loading=\"lazy\" decoding=\"async\" data-attachment-id=\"13202\" data-permalink=\"https:\/\/blogs.gazetaesportiva.com\/albertohelena\/2022\/05\/14\/v-erdao-e-timao-esperanca-e-alivio\/52072601712_393f10857a_c\/\" data-orig-file=\"https:\/\/blogs.gazetaesportiva.com\/albertohelena\/files\/2022\/05\/52072601712_393f10857a_c.jpg\" data-orig-size=\"800,450\" data-comments-opened=\"1\" data-image-meta=\"{&quot;aperture&quot;:&quot;0&quot;,&quot;credit&quot;:&quot;Cesar Greco&quot;,&quot;camera&quot;:&quot;&quot;,&quot;caption&quot;:&quot;&quot;,&quot;created_timestamp&quot;:&quot;0&quot;,&quot;copyright&quot;:&quot;CESAR GRECO&quot;,&quot;focal_length&quot;:&quot;0&quot;,&quot;iso&quot;:&quot;0&quot;,&quot;shutter_speed&quot;:&quot;0&quot;,&quot;title&quot;:&quot;&quot;,&quot;orientation&quot;:&quot;0&quot;}\" data-image-title=\"52072601712_393f10857a_c\" data-image-description=\"\" data-image-caption=\"\" data-medium-file=\"https:\/\/blogs.gazetaesportiva.com\/albertohelena\/files\/2022\/05\/52072601712_393f10857a_c-300x169.jpg\" data-large-file=\"https:\/\/blogs.gazetaesportiva.com\/albertohelena\/files\/2022\/05\/52072601712_393f10857a_c.jpg\" class=\"aligncenter wp-image-13202 size-full\" src=\"https:\/\/blogs.gazetaesportiva.com\/albertohelena\/files\/2022\/05\/52072601712_393f10857a_c.jpg\" alt=\"\" width=\"800\" height=\"450\" srcset=\"https:\/\/blogs.gazetaesportiva.com\/albertohelena\/files\/2022\/05\/52072601712_393f10857a_c.jpg 800w, https:\/\/blogs.gazetaesportiva.com\/albertohelena\/files\/2022\/05\/52072601712_393f10857a_c-300x169.jpg 300w, https:\/\/blogs.gazetaesportiva.com\/albertohelena\/files\/2022\/05\/52072601712_393f10857a_c-768x432.jpg 768w\" sizes=\"auto, (max-width: 800px) 100vw, 800px\" \/><\/a>Depois de alguns trope\u00e7os inesperados para um integrante do trio dos favoritos do Brasileir\u00e3o, o Palmeiras voltou a vencer, num jogo equilibrado contra o RB, no Parque.<\/p>\n<p>E, pra ainda mais emblem\u00e1tico, o gol de abertura foi marcado por Danilo, como uma celebra\u00e7\u00e3o \u00e0 sua chamada por Tite para a Sele\u00e7\u00e3o Brasileira, de onde, desconfio, n\u00e3o mais sair\u00e1: bola al\u00e7ada por Scarpa da direita, e a cabe\u00e7ada letal do volante, aos 30 minutos de bola rolando.<\/p>\n<p>E, j\u00e1 nos acr\u00e9scimos da partida, p\u00eanalti em Breno, que o infal\u00edvel Veiga n\u00e3o desperdi\u00e7ou.<\/p>\n<p>Vale dizer que o Bragantino, de olho em outras competi\u00e7\u00f5es, suponho, jogou a maior\u00a0 parte do tempo sem alguns de seus principais jogadores, tipo Artur e Ytalo, que entraram s\u00f3 na etapa final<\/p>\n<p>Dessa forma, o Verd\u00e3o levanta os olhos novamente em dire\u00e7\u00e3o ao topo da tabela, alvo ainda muito distante das expectativas iniciais.<\/p>\n<p>J\u00e1 contrariando essas expectativas, o Tim\u00e3o manteve-se l\u00e1 em cima ao arrancar um empate por 2 a 2 do Inter, no Beira-Rio.<\/p>\n<p>\u00c9 fato que o Colorado dominou todo o primeiro tempo, quando estabeleceu o placar de 2 a 1, gols de Alan Patrick, Raul em mel\u00ea na \u00e1rea, e Wanderson.<\/p>\n<p>Mas, no segundo tempo, o Corinthians transfigurou-se com a entrada de J\u00f4 no lugar de Roger Guedes, o que aprofundou o ataque alvinegro, encolhendo a marca\u00e7\u00e3o colorada.<\/p>\n<p>A partir da\u00ed, s\u00f3 deu Corinthians, at\u00e9 que J\u00f4, recebendo passe magistral de Mantuan, sa\u00edsse na cara do goleiro e empatasse o jogo, aos 17 minutos.<\/p>\n<p>Logo depois, por\u00e9m, houve aquele bafaf\u00e1: Eden\u00edlson alegava que o murruga Rafael Ramos o xingara de macaco. Disse, n\u00e3o disse, o fato merece profunda investiga\u00e7\u00e3o, inclusive leitura de l\u00e1bios por algum especialista, para se estabelecer a verdade. Caso se confirme, o carinha deve receber severa puni\u00e7\u00e3o da CBF, sem falar em eventual inqu\u00e9rito policial, se Eden\u00edlson quiser levar o caso \u00e0 justi\u00e7a (deveria). Assim como, caberia ao Corinthians rasgar o contrato do jogador e mand\u00e1-lo de volta a Portugal, ou \u00e0s grades tupiniquins.<\/p>\n<p>Voltando \u00e0 bola rolando, em seguida, o Tim\u00e3o se retraiu, mas o Inter, apesar do ass\u00e9dio final, n\u00e3o conseguiu chegar l\u00e1.<\/p>\n<p>&nbsp;<\/p>\n","protected":false},"excerpt":{"rendered":"<p>Depois de alguns trope\u00e7os inesperados para um integrante do trio dos favoritos do Brasileir\u00e3o, o Palmeiras voltou a vencer, num jogo equilibrado contra o RB, <a class=\"read-more\" href=\"https:\/\/blogs.gazetaesportiva.com\/albertohelena\/2022\/05\/14\/v-erdao-e-timao-esperanca-e-alivio\/\">leia mais<\/a><\/p>\n","protected":false},"author":46,"featured_media":13202,"comment_status":"open","ping_status":"open","sticky":false,"template":"","format":"standard","meta":{"_jetpack_newsletter_access":"","_jetpack_dont_email_post_to_subs":false,"_jetpack_newsletter_tier_id":0,"_jetpack_memberships_contains_paywalled_content":false,"_jetpack_memberships_contains_paid_content":false,"footnotes":""},"categories":[1],"tags":[],"class_list":["post-13201","post","type-post","status-publish","format-standard","has-post-thumbnail","hentry","category-sem-categoria"],"jetpack_featured_media_url":"https:\/\/blogs.gazetaesportiva.com\/albertohelena\/files\/2022\/05\/52072601712_393f10857a_c.jpg","jetpack_sharing_enabled":true,"jetpack_shortlink":"https:\/\/wp.me\/pekB7q-3qV","_links":{"self":[{"href":"https:\/\/blogs.gazetaesportiva.com\/albertohelena\/wp-json\/wp\/v2\/posts\/13201","targetHints":{"allow":["GET"]}}],"collection":[{"href":"https:\/\/blogs.gazetaesportiva.com\/albertohelena\/wp-json\/wp\/v2\/posts"}],"about":[{"href":"https:\/\/blogs.gazetaesportiva.com\/albertohelena\/wp-json\/wp\/v2\/types\/post"}],"author":[{"embeddable":true,"href":"https:\/\/blogs.gazetaesportiva.com\/albertohelena\/wp-json\/wp\/v2\/users\/46"}],"replies":[{"embeddable":true,"href":"https:\/\/blogs.gazetaesportiva.com\/albertohelena\/wp-json\/wp\/v2\/comments?post=13201"}],"version-history":[{"count":0,"href":"https:\/\/blogs.gazetaesportiva.com\/albertohelena\/wp-json\/wp\/v2\/posts\/13201\/revisions"}],"wp:featuredmedia":[{"embeddable":true,"href":"https:\/\/blogs.gazetaesportiva.com\/albertohelena\/wp-json\/wp\/v2\/media\/13202"}],"wp:attachment":[{"href":"https:\/\/blogs.gazetaesportiva.com\/albertohelena\/wp-json\/wp\/v2\/media?parent=13201"}],"wp:term":[{"taxonomy":"category","embeddable":true,"href":"https:\/\/blogs.gazetaesportiva.com\/albertohelena\/wp-json\/wp\/v2\/categories?post=13201"},{"taxonomy":"post_tag","embeddable":true,"href":"https:\/\/blogs.gazetaesportiva.com\/albertohelena\/wp-json\/wp\/v2\/tags?post=13201"}],"curies":[{"name":"wp","href":"https:\/\/api.w.org\/{rel}","templated":true}]}}