{"id":13199,"date":"2022-05-03T23:54:31","date_gmt":"2022-05-04T02:54:31","guid":{"rendered":"https:\/\/blogs.gazetaesportiva.com\/albertohelena\/?p=13199"},"modified":"2022-05-04T00:13:47","modified_gmt":"2022-05-04T03:13:47","slug":"va-somando-ai-oito-mais-cinco","status":"publish","type":"post","link":"https:\/\/blogs.gazetaesportiva.com\/albertohelena\/2022\/05\/03\/va-somando-ai-oito-mais-cinco\/","title":{"rendered":"V\u00e1 somando a\u00ed: oito mais cinco&#8230;"},"content":{"rendered":"<figure id=\"attachment_13200\" aria-describedby=\"caption-attachment-13200\" style=\"width: 1500px\" class=\"wp-caption aligncenter\"><a href=\"https:\/\/blogs.gazetaesportiva.com\/albertohelena\/files\/2022\/05\/52048846583_18c25d4ffc_h.jpg\"><img loading=\"lazy\" decoding=\"async\" data-attachment-id=\"13200\" data-permalink=\"https:\/\/blogs.gazetaesportiva.com\/albertohelena\/2022\/05\/03\/va-somando-ai-oito-mais-cinco\/52048846583_18c25d4ffc_h\/\" data-orig-file=\"https:\/\/blogs.gazetaesportiva.com\/albertohelena\/files\/2022\/05\/52048846583_18c25d4ffc_h.jpg\" data-orig-size=\"1500,844\" data-comments-opened=\"1\" data-image-meta=\"{&quot;aperture&quot;:&quot;0&quot;,&quot;credit&quot;:&quot;Cesar Greco&quot;,&quot;camera&quot;:&quot;&quot;,&quot;caption&quot;:&quot;&quot;,&quot;created_timestamp&quot;:&quot;0&quot;,&quot;copyright&quot;:&quot;CESAR GRECO&quot;,&quot;focal_length&quot;:&quot;0&quot;,&quot;iso&quot;:&quot;0&quot;,&quot;shutter_speed&quot;:&quot;0&quot;,&quot;title&quot;:&quot;&quot;,&quot;orientation&quot;:&quot;0&quot;}\" data-image-title=\"52048846583_18c25d4ffc_h\" data-image-description=\"\" data-image-caption=\"&lt;p&gt;Raphael Veiga marcou tr\u00eas para o Palmeiras na Bol\u00edvia (Foto: Divulga\u00e7\u00e3o\/Cesar Greco)&lt;\/p&gt;\n\" data-medium-file=\"https:\/\/blogs.gazetaesportiva.com\/albertohelena\/files\/2022\/05\/52048846583_18c25d4ffc_h-300x169.jpg\" data-large-file=\"https:\/\/blogs.gazetaesportiva.com\/albertohelena\/files\/2022\/05\/52048846583_18c25d4ffc_h-1024x576.jpg\" class=\"size-full wp-image-13200\" src=\"https:\/\/blogs.gazetaesportiva.com\/albertohelena\/files\/2022\/05\/52048846583_18c25d4ffc_h.jpg\" alt=\"\" width=\"1500\" height=\"844\" srcset=\"https:\/\/blogs.gazetaesportiva.com\/albertohelena\/files\/2022\/05\/52048846583_18c25d4ffc_h.jpg 1500w, https:\/\/blogs.gazetaesportiva.com\/albertohelena\/files\/2022\/05\/52048846583_18c25d4ffc_h-300x169.jpg 300w, https:\/\/blogs.gazetaesportiva.com\/albertohelena\/files\/2022\/05\/52048846583_18c25d4ffc_h-768x432.jpg 768w, https:\/\/blogs.gazetaesportiva.com\/albertohelena\/files\/2022\/05\/52048846583_18c25d4ffc_h-1024x576.jpg 1024w\" sizes=\"auto, (max-width: 1500px) 100vw, 1500px\" \/><\/a><figcaption id=\"caption-attachment-13200\" class=\"wp-caption-text\">Raphael Veiga marcou tr\u00eas para o Palmeiras na Bol\u00edvia (Foto: Divulga\u00e7\u00e3o\/Cesar Greco)<\/figcaption><\/figure>\n<p><em>Prego\u00a0<\/em>(em homenagem \u00e0s origens do velho Palestra), v\u00e1 somando a\u00ed, que minha luta com os n\u00fameros me seguir\u00e1 v\u00e1cuo afora: oito mais cinco? Contando nos dedos aqui embaixo da escrivaninha, disfar\u00e7ando de mim mesmo, chego ao cabal\u00edstico 13. \u00c9 isso mesmo?<\/p>\n<p>Pois, essa foi a soma de gols que o Palmeiras pespegou no pobre Petrolero boliviano. Oito, aqui, mais cinco l\u00e1 em cima do morro chamado Sucre.<\/p>\n<p>O curioso \u00e9 que o placar de oito gols no Parque foi com um mist\u00e3o verde, enquanto os cinco de l\u00e1 foram com os titulares.<\/p>\n<p>J\u00e1 nesta noite de ter\u00e7a, a goleada se iniciou logo aos 15 minutos, num penal que Veiga, claro, converteu. O mesmo Veiga que faria ainda mais dois: um, ainda aos 22 da etapa inicial, em vivaz trama de Ver\u00f3n pra Dudu, de Dudu pra Veiga, meta escancarada.<\/p>\n<p>Isso feito, o Verd\u00e3o desacelerou. Seria efeito da altitude ou mera inhanha, fruto da vit\u00f3ria j\u00e1 definida?<\/p>\n<p>N\u00e3o sei. S\u00f3 sei que, no segundo tempo, o Verd\u00e3o aproveitando-se tamb\u00e9m da expuls\u00e3o de Cristaldo no finalzinho do per\u00edodo inicial, deslizou em campo e foi acumulando a goleada que parou em 5 a 0 e poderia ter sido muito mais pelas chances criadas.<\/p>\n<p>A prop\u00f3sito, em respeito ao pobre advers\u00e1rio, vale dizer que os bolivianos, por sua parte, tamb\u00e9m mereciam a esmola de um ou dois golzinhos, pr\u00eamio deles arrebatado pelas m\u00e3os infal\u00edveis de Weverton.<\/p>\n<p><span style=\"background-color: #ffffff; color: #333333;\">Assim, o Palmeiras j\u00e1 assegura sua passagem antecipada para a pr\u00f3xima fase da Libertadores, acenando para a galera como quem diz que vem mais por a\u00ed. N\u00e3o duvido.\u00a0<\/span><\/p>\n<p>&nbsp;<\/p>\n","protected":false},"excerpt":{"rendered":"<p>Prego\u00a0(em homenagem \u00e0s origens do velho Palestra), v\u00e1 somando a\u00ed, que minha luta com os n\u00fameros me seguir\u00e1 v\u00e1cuo afora: oito mais cinco? Contando nos <a class=\"read-more\" href=\"https:\/\/blogs.gazetaesportiva.com\/albertohelena\/2022\/05\/03\/va-somando-ai-oito-mais-cinco\/\">leia mais<\/a><\/p>\n","protected":false},"author":46,"featured_media":13200,"comment_status":"open","ping_status":"open","sticky":false,"template":"","format":"standard","meta":{"_jetpack_newsletter_access":"","_jetpack_dont_email_post_to_subs":false,"_jetpack_newsletter_tier_id":0,"_jetpack_memberships_contains_paywalled_content":false,"_jetpack_memberships_contains_paid_content":false,"footnotes":""},"categories":[1],"tags":[],"class_list":["post-13199","post","type-post","status-publish","format-standard","has-post-thumbnail","hentry","category-sem-categoria"],"jetpack_featured_media_url":"https:\/\/blogs.gazetaesportiva.com\/albertohelena\/files\/2022\/05\/52048846583_18c25d4ffc_h.jpg","jetpack_sharing_enabled":true,"jetpack_shortlink":"https:\/\/wp.me\/pekB7q-3qT","_links":{"self":[{"href":"https:\/\/blogs.gazetaesportiva.com\/albertohelena\/wp-json\/wp\/v2\/posts\/13199","targetHints":{"allow":["GET"]}}],"collection":[{"href":"https:\/\/blogs.gazetaesportiva.com\/albertohelena\/wp-json\/wp\/v2\/posts"}],"about":[{"href":"https:\/\/blogs.gazetaesportiva.com\/albertohelena\/wp-json\/wp\/v2\/types\/post"}],"author":[{"embeddable":true,"href":"https:\/\/blogs.gazetaesportiva.com\/albertohelena\/wp-json\/wp\/v2\/users\/46"}],"replies":[{"embeddable":true,"href":"https:\/\/blogs.gazetaesportiva.com\/albertohelena\/wp-json\/wp\/v2\/comments?post=13199"}],"version-history":[{"count":0,"href":"https:\/\/blogs.gazetaesportiva.com\/albertohelena\/wp-json\/wp\/v2\/posts\/13199\/revisions"}],"wp:featuredmedia":[{"embeddable":true,"href":"https:\/\/blogs.gazetaesportiva.com\/albertohelena\/wp-json\/wp\/v2\/media\/13200"}],"wp:attachment":[{"href":"https:\/\/blogs.gazetaesportiva.com\/albertohelena\/wp-json\/wp\/v2\/media?parent=13199"}],"wp:term":[{"taxonomy":"category","embeddable":true,"href":"https:\/\/blogs.gazetaesportiva.com\/albertohelena\/wp-json\/wp\/v2\/categories?post=13199"},{"taxonomy":"post_tag","embeddable":true,"href":"https:\/\/blogs.gazetaesportiva.com\/albertohelena\/wp-json\/wp\/v2\/tags?post=13199"}],"curies":[{"name":"wp","href":"https:\/\/api.w.org\/{rel}","templated":true}]}}