{"id":13103,"date":"2022-02-24T00:00:39","date_gmt":"2022-02-24T03:00:39","guid":{"rendered":"https:\/\/blogs.gazetaesportiva.com\/albertohelena\/?p=13103"},"modified":"2022-02-24T00:04:01","modified_gmt":"2022-02-24T03:04:01","slug":"e-o-verdao-no-fim-escapou","status":"publish","type":"post","link":"https:\/\/blogs.gazetaesportiva.com\/albertohelena\/2022\/02\/24\/e-o-verdao-no-fim-escapou\/","title":{"rendered":"E o Verd\u00e3o, no fim, escapou"},"content":{"rendered":"<figure id=\"attachment_13105\" aria-describedby=\"caption-attachment-13105\" style=\"width: 1500px\" class=\"wp-caption alignnone\"><a href=\"https:\/\/blogs.gazetaesportiva.com\/albertohelena\/files\/2022\/02\/51900558113_ed4a385b1e_h.jpg\"><img loading=\"lazy\" decoding=\"async\" data-attachment-id=\"13105\" data-permalink=\"https:\/\/blogs.gazetaesportiva.com\/albertohelena\/2022\/02\/24\/e-o-verdao-no-fim-escapou\/51900558113_ed4a385b1e_h\/\" data-orig-file=\"https:\/\/blogs.gazetaesportiva.com\/albertohelena\/files\/2022\/02\/51900558113_ed4a385b1e_h.jpg\" data-orig-size=\"1500,844\" data-comments-opened=\"1\" data-image-meta=\"{&quot;aperture&quot;:&quot;0&quot;,&quot;credit&quot;:&quot;&quot;,&quot;camera&quot;:&quot;&quot;,&quot;caption&quot;:&quot;&quot;,&quot;created_timestamp&quot;:&quot;0&quot;,&quot;copyright&quot;:&quot;&quot;,&quot;focal_length&quot;:&quot;0&quot;,&quot;iso&quot;:&quot;0&quot;,&quot;shutter_speed&quot;:&quot;0&quot;,&quot;title&quot;:&quot;&quot;,&quot;orientation&quot;:&quot;0&quot;}\" data-image-title=\"51900558113_ed4a385b1e_h\" data-image-description=\"\" data-image-caption=\"&lt;p&gt;Raphael Veiga e Jailson marcaram os gols do Palmeiras (Foto: Divulga\u00e7\u00e3o\/Cesar Greco)&lt;\/p&gt;\n\" data-medium-file=\"https:\/\/blogs.gazetaesportiva.com\/albertohelena\/files\/2022\/02\/51900558113_ed4a385b1e_h-300x169.jpg\" data-large-file=\"https:\/\/blogs.gazetaesportiva.com\/albertohelena\/files\/2022\/02\/51900558113_ed4a385b1e_h-1024x576.jpg\" class=\"size-full wp-image-13105\" src=\"https:\/\/blogs.gazetaesportiva.com\/albertohelena\/files\/2022\/02\/51900558113_ed4a385b1e_h.jpg\" alt=\"\" width=\"1500\" height=\"844\" srcset=\"https:\/\/blogs.gazetaesportiva.com\/albertohelena\/files\/2022\/02\/51900558113_ed4a385b1e_h.jpg 1500w, https:\/\/blogs.gazetaesportiva.com\/albertohelena\/files\/2022\/02\/51900558113_ed4a385b1e_h-300x169.jpg 300w, https:\/\/blogs.gazetaesportiva.com\/albertohelena\/files\/2022\/02\/51900558113_ed4a385b1e_h-768x432.jpg 768w, https:\/\/blogs.gazetaesportiva.com\/albertohelena\/files\/2022\/02\/51900558113_ed4a385b1e_h-1024x576.jpg 1024w\" sizes=\"auto, (max-width: 1500px) 100vw, 1500px\" \/><\/a><figcaption id=\"caption-attachment-13105\" class=\"wp-caption-text\">Raphael Veiga e Jailson marcaram os gols do Palmeiras (Foto: Divulga\u00e7\u00e3o\/Cesar Greco)<\/figcaption><\/figure>\n<p>E o Palmeiras, ufa!, conseguiu arrancar um empate diante do Furac\u00e3o, em Curitiba, no \u00faltimo respiro do jogo de ida pela Recopa, fruto de uma r\u00e1pida investida de Wesley, pela esquerda, obstada com p\u00eanalti por Marcinho, com que Veiga, o implac\u00e1vel batedor de p\u00eanaltis do Verd\u00e3o, encerrou o papo: 2 a 2.<br \/>\nNa verdade, foi um jogo em que a dedica\u00e7\u00e3o superou em muito a t\u00e9cnica individual dos jogadores e a plasticidade dos conjuntos.<br \/>\nAmbos atuaram com extremos cuidados, como costumam ser esses jogos de mata-mata, sobretudo o Palmeiras, que, por sinal, \u00e9 a marca do t\u00e9cnico Abel.<br \/>\nTanto assim que os dois primeiros gols marcados na etapa inicial foram produtos de escanteios. No primeiro, aos 22, Terans finalizou cabe\u00e7ada de um parceiro ao p\u00e9 do poste esquerdo. No segundo, o Palmeiras empatou com Ja\u00edlson colhendo rebote de corner que pererecou na \u00e1rea atleticana.<br \/>\nO cen\u00e1rio mudou um pouco quando Abel resolveu trocar um dos tr\u00eas volantes que empatavam os eventuais ataques verdes, Atuesta, pelo ponta Wesley, que passou a investir pela esquerda, criando dificuldades para a defesa paranaense.<br \/>\nEm resposta, Alberto Valentim tratou de colocar em campo Marlos, aquele mesmo canhotinho h\u00e1bil que ainda outro dia jogava pelo Shaktar e pela Sele\u00e7\u00e3o da Ucr\u00e2nia. Uma volta inesperada do craque, muito provavelmente por causa da encrenca que se desenrola na fronteira com a R\u00fassia.<br \/>\nE coube a Marlos produzir a jogada mais sedutora da partida: aos 31 do segundo tempo, recebeu na direita, e a la Robben, cortou pra dentro e injetou um veneno mortal na bola que se aninhou no \u00e2ngulo direito de Weverton.<br \/>\nA partir da\u00ed, o jogo seguiu naquele compasso de espera, at\u00e9 o lance do p\u00eanalti, fatal para o Furac\u00e3o e aben\u00e7oado para o Verd\u00e3o.<br \/>\nVejamos o que nos espera no Allianz Parque na derradeira decis\u00e3o l\u00e1 na frente.<\/p>\n","protected":false},"excerpt":{"rendered":"<p>E o Palmeiras, ufa!, conseguiu arrancar um empate diante do Furac\u00e3o, em Curitiba, no \u00faltimo respiro do jogo de ida pela Recopa, fruto de uma <a class=\"read-more\" href=\"https:\/\/blogs.gazetaesportiva.com\/albertohelena\/2022\/02\/24\/e-o-verdao-no-fim-escapou\/\">leia mais<\/a><\/p>\n","protected":false},"author":46,"featured_media":13105,"comment_status":"open","ping_status":"open","sticky":false,"template":"","format":"standard","meta":{"_jetpack_newsletter_access":"","_jetpack_dont_email_post_to_subs":false,"_jetpack_newsletter_tier_id":0,"_jetpack_memberships_contains_paywalled_content":false,"_jetpack_memberships_contains_paid_content":false,"footnotes":""},"categories":[1],"tags":[],"class_list":["post-13103","post","type-post","status-publish","format-standard","has-post-thumbnail","hentry","category-sem-categoria"],"jetpack_featured_media_url":"https:\/\/blogs.gazetaesportiva.com\/albertohelena\/files\/2022\/02\/51900558113_ed4a385b1e_h.jpg","jetpack_sharing_enabled":true,"jetpack_shortlink":"https:\/\/wp.me\/pekB7q-3pl","_links":{"self":[{"href":"https:\/\/blogs.gazetaesportiva.com\/albertohelena\/wp-json\/wp\/v2\/posts\/13103","targetHints":{"allow":["GET"]}}],"collection":[{"href":"https:\/\/blogs.gazetaesportiva.com\/albertohelena\/wp-json\/wp\/v2\/posts"}],"about":[{"href":"https:\/\/blogs.gazetaesportiva.com\/albertohelena\/wp-json\/wp\/v2\/types\/post"}],"author":[{"embeddable":true,"href":"https:\/\/blogs.gazetaesportiva.com\/albertohelena\/wp-json\/wp\/v2\/users\/46"}],"replies":[{"embeddable":true,"href":"https:\/\/blogs.gazetaesportiva.com\/albertohelena\/wp-json\/wp\/v2\/comments?post=13103"}],"version-history":[{"count":0,"href":"https:\/\/blogs.gazetaesportiva.com\/albertohelena\/wp-json\/wp\/v2\/posts\/13103\/revisions"}],"wp:featuredmedia":[{"embeddable":true,"href":"https:\/\/blogs.gazetaesportiva.com\/albertohelena\/wp-json\/wp\/v2\/media\/13105"}],"wp:attachment":[{"href":"https:\/\/blogs.gazetaesportiva.com\/albertohelena\/wp-json\/wp\/v2\/media?parent=13103"}],"wp:term":[{"taxonomy":"category","embeddable":true,"href":"https:\/\/blogs.gazetaesportiva.com\/albertohelena\/wp-json\/wp\/v2\/categories?post=13103"},{"taxonomy":"post_tag","embeddable":true,"href":"https:\/\/blogs.gazetaesportiva.com\/albertohelena\/wp-json\/wp\/v2\/tags?post=13103"}],"curies":[{"name":"wp","href":"https:\/\/api.w.org\/{rel}","templated":true}]}}