{"id":13096,"date":"2022-02-23T19:31:57","date_gmt":"2022-02-23T22:31:57","guid":{"rendered":"https:\/\/blogs.gazetaesportiva.com\/albertohelena\/?p=13096"},"modified":"2022-02-23T19:55:46","modified_gmt":"2022-02-23T22:55:46","slug":"vitor-pereira-muito-prazer","status":"publish","type":"post","link":"https:\/\/blogs.gazetaesportiva.com\/albertohelena\/2022\/02\/23\/vitor-pereira-muito-prazer\/","title":{"rendered":"Vitor Pereira? Muito prazer"},"content":{"rendered":"<figure id=\"attachment_13101\" aria-describedby=\"caption-attachment-13101\" style=\"width: 1367px\" class=\"wp-caption alignnone\"><a href=\"https:\/\/blogs.gazetaesportiva.com\/albertohelena\/files\/2022\/02\/vitor3.jpg\"><img loading=\"lazy\" decoding=\"async\" data-attachment-id=\"13101\" data-permalink=\"https:\/\/blogs.gazetaesportiva.com\/albertohelena\/2022\/02\/23\/vitor-pereira-muito-prazer\/vitor3\/\" data-orig-file=\"https:\/\/blogs.gazetaesportiva.com\/albertohelena\/files\/2022\/02\/vitor3.jpg\" data-orig-size=\"1367,913\" data-comments-opened=\"1\" data-image-meta=\"{&quot;aperture&quot;:&quot;0&quot;,&quot;credit&quot;:&quot;&quot;,&quot;camera&quot;:&quot;&quot;,&quot;caption&quot;:&quot;&quot;,&quot;created_timestamp&quot;:&quot;0&quot;,&quot;copyright&quot;:&quot;&quot;,&quot;focal_length&quot;:&quot;0&quot;,&quot;iso&quot;:&quot;0&quot;,&quot;shutter_speed&quot;:&quot;0&quot;,&quot;title&quot;:&quot;&quot;,&quot;orientation&quot;:&quot;0&quot;}\" data-image-title=\"vitor3\" data-image-description=\"\" data-image-caption=\"&lt;p&gt;Vitor Pereira \u00e9 o novo t\u00e9cnico do Corinthians (Foto: Divulga\u00e7\u00e3o)&lt;\/p&gt;\n\" data-medium-file=\"https:\/\/blogs.gazetaesportiva.com\/albertohelena\/files\/2022\/02\/vitor3-300x200.jpg\" data-large-file=\"https:\/\/blogs.gazetaesportiva.com\/albertohelena\/files\/2022\/02\/vitor3-1024x684.jpg\" class=\"size-full wp-image-13101\" src=\"https:\/\/blogs.gazetaesportiva.com\/albertohelena\/files\/2022\/02\/vitor3.jpg\" alt=\"\" width=\"1367\" height=\"913\" srcset=\"https:\/\/blogs.gazetaesportiva.com\/albertohelena\/files\/2022\/02\/vitor3.jpg 1367w, https:\/\/blogs.gazetaesportiva.com\/albertohelena\/files\/2022\/02\/vitor3-300x200.jpg 300w, https:\/\/blogs.gazetaesportiva.com\/albertohelena\/files\/2022\/02\/vitor3-768x513.jpg 768w, https:\/\/blogs.gazetaesportiva.com\/albertohelena\/files\/2022\/02\/vitor3-1024x684.jpg 1024w, https:\/\/blogs.gazetaesportiva.com\/albertohelena\/files\/2022\/02\/vitor3-120x80.jpg 120w\" sizes=\"auto, (max-width: 1367px) 100vw, 1367px\" \/><\/a><figcaption id=\"caption-attachment-13101\" class=\"wp-caption-text\">Vitor Pereira \u00e9 o novo t\u00e9cnico do Corinthians (Foto: Divulga\u00e7\u00e3o)<\/figcaption><\/figure>\n<p>V\u00edtor Pereira? Muito prazer em conhec\u00ea-lo, embora o seja apenas por meio de seu curr\u00edculo, difundido a partir do momento em que foi contratado como t\u00e9cnico do Corinthians, um nome desses tantos lusitanos tirados da cartola ali enfiados para sorteio pelos empres\u00e1rios desse mund\u00e3o afora.<br \/>\nCurr\u00edculo, como o da maioria dos nomes ventilados, que n\u00e3o registra nada de muito excepcional em sua breve carreira, a n\u00e3o ser um per\u00edodo mais destacado no Porto.<br \/>\nSei bem que, como este velho escriba, ningu\u00e9m em Itaquera, no Parque S\u00e3o Jorge ou vizinhan\u00e7as sabe de fato quais s\u00e3o seus m\u00e9todos de treinamento, seus conceitos mais arraigados sobre estilo de jogo e tal e cousa e lousa e maripousa.<br \/>\nNingu\u00e9m em terras tupiniquins sequer viu um treinamento executado por voc\u00ea, nem mesmo uma palestra proferida em casto idioma luso, \u00fanica raz\u00e3o plaus\u00edvel para essa modinha da ca\u00e7a aos portugueses, febre de que nosso futebol foi tomada recentemente: o idioma, um tanto mais diger\u00edvel do que o espanhol falado por argentinos e uruguaios, outras fontes de busca dos cartolas tapuias.<br \/>\nEspero, pois, que o amigo seja feliz e vitorioso por aqui.<br \/>\nPara tanto, se me permite um conselho de quem h\u00e1 mais de setenta anos acompanha o vaiv\u00e9m da bola m\u00e1gica pelos campos do planeta, n\u00e3o mexa nesse time. Apenas procure aprimorar a presteza do toque de bola a partir do meio de campo e ajustar sempre o jogo em conjunto, sejam quais forem suas ideias ou manias.<br \/>\nE boa sorte, \u00f4, p\u00e1!<\/p>\n","protected":false},"excerpt":{"rendered":"<p>V\u00edtor Pereira? Muito prazer em conhec\u00ea-lo, embora o seja apenas por meio de seu curr\u00edculo, difundido a partir do momento em que foi contratado como <a class=\"read-more\" href=\"https:\/\/blogs.gazetaesportiva.com\/albertohelena\/2022\/02\/23\/vitor-pereira-muito-prazer\/\">leia mais<\/a><\/p>\n","protected":false},"author":46,"featured_media":13101,"comment_status":"open","ping_status":"open","sticky":false,"template":"","format":"standard","meta":{"_jetpack_newsletter_access":"","_jetpack_dont_email_post_to_subs":false,"_jetpack_newsletter_tier_id":0,"_jetpack_memberships_contains_paywalled_content":false,"_jetpack_memberships_contains_paid_content":false,"footnotes":""},"categories":[1],"tags":[],"class_list":["post-13096","post","type-post","status-publish","format-standard","has-post-thumbnail","hentry","category-sem-categoria"],"jetpack_featured_media_url":"https:\/\/blogs.gazetaesportiva.com\/albertohelena\/files\/2022\/02\/vitor3.jpg","jetpack_sharing_enabled":true,"jetpack_shortlink":"https:\/\/wp.me\/pekB7q-3pe","_links":{"self":[{"href":"https:\/\/blogs.gazetaesportiva.com\/albertohelena\/wp-json\/wp\/v2\/posts\/13096","targetHints":{"allow":["GET"]}}],"collection":[{"href":"https:\/\/blogs.gazetaesportiva.com\/albertohelena\/wp-json\/wp\/v2\/posts"}],"about":[{"href":"https:\/\/blogs.gazetaesportiva.com\/albertohelena\/wp-json\/wp\/v2\/types\/post"}],"author":[{"embeddable":true,"href":"https:\/\/blogs.gazetaesportiva.com\/albertohelena\/wp-json\/wp\/v2\/users\/46"}],"replies":[{"embeddable":true,"href":"https:\/\/blogs.gazetaesportiva.com\/albertohelena\/wp-json\/wp\/v2\/comments?post=13096"}],"version-history":[{"count":0,"href":"https:\/\/blogs.gazetaesportiva.com\/albertohelena\/wp-json\/wp\/v2\/posts\/13096\/revisions"}],"wp:featuredmedia":[{"embeddable":true,"href":"https:\/\/blogs.gazetaesportiva.com\/albertohelena\/wp-json\/wp\/v2\/media\/13101"}],"wp:attachment":[{"href":"https:\/\/blogs.gazetaesportiva.com\/albertohelena\/wp-json\/wp\/v2\/media?parent=13096"}],"wp:term":[{"taxonomy":"category","embeddable":true,"href":"https:\/\/blogs.gazetaesportiva.com\/albertohelena\/wp-json\/wp\/v2\/categories?post=13096"},{"taxonomy":"post_tag","embeddable":true,"href":"https:\/\/blogs.gazetaesportiva.com\/albertohelena\/wp-json\/wp\/v2\/tags?post=13096"}],"curies":[{"name":"wp","href":"https:\/\/api.w.org\/{rel}","templated":true}]}}