{"id":13093,"date":"2022-02-20T20:49:14","date_gmt":"2022-02-20T23:49:14","guid":{"rendered":"https:\/\/blogs.gazetaesportiva.com\/albertohelena\/?p=13093"},"modified":"2022-02-20T22:13:02","modified_gmt":"2022-02-21T01:13:02","slug":"esse-e-o-trio-ceni","status":"publish","type":"post","link":"https:\/\/blogs.gazetaesportiva.com\/albertohelena\/2022\/02\/20\/esse-e-o-trio-ceni\/","title":{"rendered":"Esse \u00e9 o trio, Ceni"},"content":{"rendered":"<figure id=\"attachment_13095\" aria-describedby=\"caption-attachment-13095\" style=\"width: 2048px\" class=\"wp-caption alignnone\"><a href=\"https:\/\/blogs.gazetaesportiva.com\/albertohelena\/files\/2022\/02\/51894056479_d5d79a3de7_k.jpg\"><img loading=\"lazy\" decoding=\"async\" data-attachment-id=\"13095\" data-permalink=\"https:\/\/blogs.gazetaesportiva.com\/albertohelena\/2022\/02\/20\/esse-e-o-trio-ceni\/51894056479_d5d79a3de7_k\/\" data-orig-file=\"https:\/\/blogs.gazetaesportiva.com\/albertohelena\/files\/2022\/02\/51894056479_d5d79a3de7_k.jpg\" data-orig-size=\"2048,1311\" data-comments-opened=\"1\" data-image-meta=\"{&quot;aperture&quot;:&quot;0&quot;,&quot;credit&quot;:&quot;Miguel SCHINCARIOL&quot;,&quot;camera&quot;:&quot;&quot;,&quot;caption&quot;:&quot;&quot;,&quot;created_timestamp&quot;:&quot;0&quot;,&quot;copyright&quot;:&quot;&quot;,&quot;focal_length&quot;:&quot;0&quot;,&quot;iso&quot;:&quot;0&quot;,&quot;shutter_speed&quot;:&quot;0&quot;,&quot;title&quot;:&quot;&quot;,&quot;orientation&quot;:&quot;0&quot;}\" data-image-title=\"51894056479_d5d79a3de7_k\" data-image-description=\"\" data-image-caption=\"&lt;p&gt;Time de Rog\u00e9rio Ceni triunfou na Vila Belmiro (Foto: Divulga\u00e7\u00e3o\/Rubens Chiri)&lt;\/p&gt;\n\" data-medium-file=\"https:\/\/blogs.gazetaesportiva.com\/albertohelena\/files\/2022\/02\/51894056479_d5d79a3de7_k-300x192.jpg\" data-large-file=\"https:\/\/blogs.gazetaesportiva.com\/albertohelena\/files\/2022\/02\/51894056479_d5d79a3de7_k-1024x656.jpg\" class=\"size-full wp-image-13095\" src=\"https:\/\/blogs.gazetaesportiva.com\/albertohelena\/files\/2022\/02\/51894056479_d5d79a3de7_k.jpg\" alt=\"\" width=\"2048\" height=\"1311\" srcset=\"https:\/\/blogs.gazetaesportiva.com\/albertohelena\/files\/2022\/02\/51894056479_d5d79a3de7_k.jpg 2048w, https:\/\/blogs.gazetaesportiva.com\/albertohelena\/files\/2022\/02\/51894056479_d5d79a3de7_k-300x192.jpg 300w, https:\/\/blogs.gazetaesportiva.com\/albertohelena\/files\/2022\/02\/51894056479_d5d79a3de7_k-768x492.jpg 768w, https:\/\/blogs.gazetaesportiva.com\/albertohelena\/files\/2022\/02\/51894056479_d5d79a3de7_k-1024x656.jpg 1024w\" sizes=\"auto, (max-width: 2048px) 100vw, 2048px\" \/><\/a><figcaption id=\"caption-attachment-13095\" class=\"wp-caption-text\">Time de Rog\u00e9rio Ceni triunfou na Vila Belmiro (Foto: Divulga\u00e7\u00e3o\/Rubens Chiri)<\/figcaption><\/figure>\n<p>Se Rog\u00e9rio Ceni segue mudando seu time de jogo pra jogo a fim de escolher os jogadores mais adequados para cumprir um modelo prevalecente, neste domingo, no cl\u00e1ssico com o Santos, na Vila, encontrou seu trio de meio de campo: Pablo Maia, Sara e Nestor.<br \/>\nTodos meninos de Cotia que combinam a seus p\u00e9s, al\u00e9m de dedica\u00e7\u00e3o, t\u00e9cnica esmerada, criatividade e senso de coloca\u00e7\u00e3o em campo, atributos essenciais para qualquer meio-campista.<br \/>\nSim, porque foi a partir do momento em que Nestor substituiu Igor Gomes, no segundo tempo, que o Tricolor ajustou seu toque de bola e passou a exercer uma press\u00e3o mais aguda e eficiente \u00e0 defesa peixeira.<br \/>\nResultado: a vit\u00f3ria por 1 a 0, obtida no primeiro tempo, com aquele cabeceio certeiro de Eder em cruzamento de Nik\u00e3o da direita, virou o placar cl\u00e1ssico final: 3 a 0, com gols de Bauermann contra e de Nestor, num petardo rasteiro de Nestor de fora da \u00e1rea.<br \/>\nAh, sim, como Ceni \u00e9 um sujeito inteligente, logo deve perceber que Marquinhos tamb\u00e9m merece um lugar no ataque tricolor t\u00e3o carente de um avante h\u00e1bil e driblador, capaz de furar essas retrancas que se multiplicam por a\u00ed.<\/p>\n","protected":false},"excerpt":{"rendered":"<p>Se Rog\u00e9rio Ceni segue mudando seu time de jogo pra jogo a fim de escolher os jogadores mais adequados para cumprir um modelo prevalecente, neste <a class=\"read-more\" href=\"https:\/\/blogs.gazetaesportiva.com\/albertohelena\/2022\/02\/20\/esse-e-o-trio-ceni\/\">leia mais<\/a><\/p>\n","protected":false},"author":46,"featured_media":13095,"comment_status":"open","ping_status":"open","sticky":false,"template":"","format":"standard","meta":{"_jetpack_newsletter_access":"","_jetpack_dont_email_post_to_subs":false,"_jetpack_newsletter_tier_id":0,"_jetpack_memberships_contains_paywalled_content":false,"_jetpack_memberships_contains_paid_content":false,"footnotes":""},"categories":[1],"tags":[],"class_list":["post-13093","post","type-post","status-publish","format-standard","has-post-thumbnail","hentry","category-sem-categoria"],"jetpack_featured_media_url":"https:\/\/blogs.gazetaesportiva.com\/albertohelena\/files\/2022\/02\/51894056479_d5d79a3de7_k.jpg","jetpack_sharing_enabled":true,"jetpack_shortlink":"https:\/\/wp.me\/pekB7q-3pb","_links":{"self":[{"href":"https:\/\/blogs.gazetaesportiva.com\/albertohelena\/wp-json\/wp\/v2\/posts\/13093","targetHints":{"allow":["GET"]}}],"collection":[{"href":"https:\/\/blogs.gazetaesportiva.com\/albertohelena\/wp-json\/wp\/v2\/posts"}],"about":[{"href":"https:\/\/blogs.gazetaesportiva.com\/albertohelena\/wp-json\/wp\/v2\/types\/post"}],"author":[{"embeddable":true,"href":"https:\/\/blogs.gazetaesportiva.com\/albertohelena\/wp-json\/wp\/v2\/users\/46"}],"replies":[{"embeddable":true,"href":"https:\/\/blogs.gazetaesportiva.com\/albertohelena\/wp-json\/wp\/v2\/comments?post=13093"}],"version-history":[{"count":0,"href":"https:\/\/blogs.gazetaesportiva.com\/albertohelena\/wp-json\/wp\/v2\/posts\/13093\/revisions"}],"wp:featuredmedia":[{"embeddable":true,"href":"https:\/\/blogs.gazetaesportiva.com\/albertohelena\/wp-json\/wp\/v2\/media\/13095"}],"wp:attachment":[{"href":"https:\/\/blogs.gazetaesportiva.com\/albertohelena\/wp-json\/wp\/v2\/media?parent=13093"}],"wp:term":[{"taxonomy":"category","embeddable":true,"href":"https:\/\/blogs.gazetaesportiva.com\/albertohelena\/wp-json\/wp\/v2\/categories?post=13093"},{"taxonomy":"post_tag","embeddable":true,"href":"https:\/\/blogs.gazetaesportiva.com\/albertohelena\/wp-json\/wp\/v2\/tags?post=13093"}],"curies":[{"name":"wp","href":"https:\/\/api.w.org\/{rel}","templated":true}]}}