{"id":13090,"date":"2022-02-19T21:20:38","date_gmt":"2022-02-20T00:20:38","guid":{"rendered":"https:\/\/blogs.gazetaesportiva.com\/albertohelena\/?p=13090"},"modified":"2022-02-19T21:31:44","modified_gmt":"2022-02-20T00:31:44","slug":"no-derbi-virtual-deu-verdao","status":"publish","type":"post","link":"https:\/\/blogs.gazetaesportiva.com\/albertohelena\/2022\/02\/19\/no-derbi-virtual-deu-verdao\/","title":{"rendered":"No D\u00e9rbi virtual, deu Verd\u00e3o"},"content":{"rendered":"<figure id=\"attachment_13091\" aria-describedby=\"caption-attachment-13091\" style=\"width: 800px\" class=\"wp-caption aligncenter\"><a href=\"https:\/\/blogs.gazetaesportiva.com\/albertohelena\/files\/2022\/02\/51890614787_116a48b807_c.jpg\"><img loading=\"lazy\" decoding=\"async\" data-attachment-id=\"13091\" data-permalink=\"https:\/\/blogs.gazetaesportiva.com\/albertohelena\/2022\/02\/19\/no-derbi-virtual-deu-verdao\/51890614787_116a48b807_c\/\" data-orig-file=\"https:\/\/blogs.gazetaesportiva.com\/albertohelena\/files\/2022\/02\/51890614787_116a48b807_c.jpg\" data-orig-size=\"800,450\" data-comments-opened=\"1\" data-image-meta=\"{&quot;aperture&quot;:&quot;0&quot;,&quot;credit&quot;:&quot;Cesar Greco&quot;,&quot;camera&quot;:&quot;&quot;,&quot;caption&quot;:&quot;&quot;,&quot;created_timestamp&quot;:&quot;0&quot;,&quot;copyright&quot;:&quot;CESAR GRECO&quot;,&quot;focal_length&quot;:&quot;0&quot;,&quot;iso&quot;:&quot;0&quot;,&quot;shutter_speed&quot;:&quot;0&quot;,&quot;title&quot;:&quot;&quot;,&quot;orientation&quot;:&quot;0&quot;}\" data-image-title=\"51890614787_116a48b807_c\" data-image-description=\"\" data-image-caption=\"&lt;p&gt;Foto: Cesar Greco\/SEP&lt;\/p&gt;\n\" data-medium-file=\"https:\/\/blogs.gazetaesportiva.com\/albertohelena\/files\/2022\/02\/51890614787_116a48b807_c-300x169.jpg\" data-large-file=\"https:\/\/blogs.gazetaesportiva.com\/albertohelena\/files\/2022\/02\/51890614787_116a48b807_c.jpg\" class=\"size-full wp-image-13091\" src=\"https:\/\/blogs.gazetaesportiva.com\/albertohelena\/files\/2022\/02\/51890614787_116a48b807_c.jpg\" alt=\"\" width=\"800\" height=\"450\" srcset=\"https:\/\/blogs.gazetaesportiva.com\/albertohelena\/files\/2022\/02\/51890614787_116a48b807_c.jpg 800w, https:\/\/blogs.gazetaesportiva.com\/albertohelena\/files\/2022\/02\/51890614787_116a48b807_c-300x169.jpg 300w, https:\/\/blogs.gazetaesportiva.com\/albertohelena\/files\/2022\/02\/51890614787_116a48b807_c-768x432.jpg 768w\" sizes=\"auto, (max-width: 800px) 100vw, 800px\" \/><\/a><figcaption id=\"caption-attachment-13091\" class=\"wp-caption-text\">Foto: Cesar Greco\/SEP<\/figcaption><\/figure>\n<p>No D\u00e9rbi virtual pela primazia dos grandes paulistas neste estadual, o Palmeiras levou vantagem sobre o Corinthians.<br \/>\nAfinal, venceu seu jogo contra o Santo Andr\u00e9, com p\u00eanalti cobrado por Veiga, no Parque, enquanto o Tim\u00e3o trope\u00e7ava no empate por 1 a 1 com o Botafogo, em Ribeir\u00e3o.<br \/>\n\u00c9 verdade que, desta vez, o Palmeiras jogou completo e o Corinthians com seus reservas.<br \/>\nPor isso mesmo, o Verd\u00e3o teve uma atua\u00e7\u00e3o mais convincente do que a do Corinthians, embora ambos n\u00e3o oferecessem nada de especial, encantador, deslumbrante.<br \/>\nJogaram assim, assim, com todos os cuidados para evitar surpresas como reza a cartilha da Escolinha do Medo, e tentando explorar contragolpes r\u00e1pidos nem sempre exitosos.<br \/>\nTanto, que o Palmeiras venceu por 1 a 0, gol de p\u00eanalti cobrado, claro, por Veiga. E o Corinthians empatou por 1 a 1 com gol de Roger, em bola al\u00e7ada a \u00e1rea.<br \/>\nMais exaustivo foi ficar quase quatro horas diante da tv vendo os dois jogos do que o empenho dos jogadores em campo.<br \/>\nPor falar nisso, qual a justificativa para o Tim\u00e3o entrar em campo com seu time reserva?<br \/>\nPoupar seu seleto grupo de veteranos &#8211; William, Renato Augusto, Giuliano e Paulinho?<br \/>\nCompreens\u00edvel, mas equivocado.<br \/>\nAfinal, se a quest\u00e3o era preservar a sa\u00fade desses jogadores, melhor seria t\u00ea-los escalados j\u00e1 de cara, para, numa blitz inicial definir o placar e, no segundo tempo, poup\u00e1-los.<br \/>\nAo optar pela segunda alternativa &#8211; coloc\u00e1-los no segundo tempo, em caso de dificuldades do time -, o desgaste f\u00edsico e mental ser\u00e1 sempre maior, pois os craques entrar\u00e3o em campo com a necessidade de resolver o jogo em pouco tempo.<br \/>\nUm lembrete para o jovem L\u00e1zaro e tods os veteranos que eventualmente vierem a seguir.<\/p>\n","protected":false},"excerpt":{"rendered":"<p>No D\u00e9rbi virtual pela primazia dos grandes paulistas neste estadual, o Palmeiras levou vantagem sobre o Corinthians. Afinal, venceu seu jogo contra o Santo Andr\u00e9, <a class=\"read-more\" href=\"https:\/\/blogs.gazetaesportiva.com\/albertohelena\/2022\/02\/19\/no-derbi-virtual-deu-verdao\/\">leia mais<\/a><\/p>\n","protected":false},"author":46,"featured_media":13091,"comment_status":"open","ping_status":"open","sticky":false,"template":"","format":"standard","meta":{"_jetpack_newsletter_access":"","_jetpack_dont_email_post_to_subs":false,"_jetpack_newsletter_tier_id":0,"_jetpack_memberships_contains_paywalled_content":false,"_jetpack_memberships_contains_paid_content":false,"footnotes":""},"categories":[13,11,1],"tags":[],"class_list":["post-13090","post","type-post","status-publish","format-standard","has-post-thumbnail","hentry","category-corinthians","category-palmeiras","category-sem-categoria"],"jetpack_featured_media_url":"https:\/\/blogs.gazetaesportiva.com\/albertohelena\/files\/2022\/02\/51890614787_116a48b807_c.jpg","jetpack_sharing_enabled":true,"jetpack_shortlink":"https:\/\/wp.me\/pekB7q-3p8","_links":{"self":[{"href":"https:\/\/blogs.gazetaesportiva.com\/albertohelena\/wp-json\/wp\/v2\/posts\/13090","targetHints":{"allow":["GET"]}}],"collection":[{"href":"https:\/\/blogs.gazetaesportiva.com\/albertohelena\/wp-json\/wp\/v2\/posts"}],"about":[{"href":"https:\/\/blogs.gazetaesportiva.com\/albertohelena\/wp-json\/wp\/v2\/types\/post"}],"author":[{"embeddable":true,"href":"https:\/\/blogs.gazetaesportiva.com\/albertohelena\/wp-json\/wp\/v2\/users\/46"}],"replies":[{"embeddable":true,"href":"https:\/\/blogs.gazetaesportiva.com\/albertohelena\/wp-json\/wp\/v2\/comments?post=13090"}],"version-history":[{"count":0,"href":"https:\/\/blogs.gazetaesportiva.com\/albertohelena\/wp-json\/wp\/v2\/posts\/13090\/revisions"}],"wp:featuredmedia":[{"embeddable":true,"href":"https:\/\/blogs.gazetaesportiva.com\/albertohelena\/wp-json\/wp\/v2\/media\/13091"}],"wp:attachment":[{"href":"https:\/\/blogs.gazetaesportiva.com\/albertohelena\/wp-json\/wp\/v2\/media?parent=13090"}],"wp:term":[{"taxonomy":"category","embeddable":true,"href":"https:\/\/blogs.gazetaesportiva.com\/albertohelena\/wp-json\/wp\/v2\/categories?post=13090"},{"taxonomy":"post_tag","embeddable":true,"href":"https:\/\/blogs.gazetaesportiva.com\/albertohelena\/wp-json\/wp\/v2\/tags?post=13090"}],"curies":[{"name":"wp","href":"https:\/\/api.w.org\/{rel}","templated":true}]}}