{"id":13085,"date":"2022-02-18T16:26:40","date_gmt":"2022-02-18T19:26:40","guid":{"rendered":"https:\/\/blogs.gazetaesportiva.com\/albertohelena\/?p=13085"},"modified":"2022-02-18T16:40:15","modified_gmt":"2022-02-18T19:40:15","slug":"caiu-carille-que-novidade","status":"publish","type":"post","link":"https:\/\/blogs.gazetaesportiva.com\/albertohelena\/2022\/02\/18\/caiu-carille-que-novidade\/","title":{"rendered":"Caiu Carille. Que novidade!"},"content":{"rendered":"<figure id=\"attachment_13086\" aria-describedby=\"caption-attachment-13086\" style=\"width: 799px\" class=\"wp-caption aligncenter\"><a href=\"https:\/\/blogs.gazetaesportiva.com\/albertohelena\/files\/2022\/02\/51655792439_0349eb71af_c.jpg\"><img loading=\"lazy\" decoding=\"async\" data-attachment-id=\"13086\" data-permalink=\"https:\/\/blogs.gazetaesportiva.com\/albertohelena\/2022\/02\/18\/caiu-carille-que-novidade\/51655792439_0349eb71af_c\/\" data-orig-file=\"https:\/\/blogs.gazetaesportiva.com\/albertohelena\/files\/2022\/02\/51655792439_0349eb71af_c.jpg\" data-orig-size=\"799,533\" data-comments-opened=\"1\" data-image-meta=\"{&quot;aperture&quot;:&quot;0&quot;,&quot;credit&quot;:&quot;&quot;,&quot;camera&quot;:&quot;&quot;,&quot;caption&quot;:&quot;&quot;,&quot;created_timestamp&quot;:&quot;0&quot;,&quot;copyright&quot;:&quot;&quot;,&quot;focal_length&quot;:&quot;0&quot;,&quot;iso&quot;:&quot;0&quot;,&quot;shutter_speed&quot;:&quot;0&quot;,&quot;title&quot;:&quot;&quot;,&quot;orientation&quot;:&quot;0&quot;}\" data-image-title=\"51655792439_0349eb71af_c\" data-image-description=\"\" data-image-caption=\"&lt;p&gt;Foto: Ivan Storti\/Santos FC&lt;\/p&gt;\n\" data-medium-file=\"https:\/\/blogs.gazetaesportiva.com\/albertohelena\/files\/2022\/02\/51655792439_0349eb71af_c-300x200.jpg\" data-large-file=\"https:\/\/blogs.gazetaesportiva.com\/albertohelena\/files\/2022\/02\/51655792439_0349eb71af_c.jpg\" class=\"size-full wp-image-13086\" src=\"https:\/\/blogs.gazetaesportiva.com\/albertohelena\/files\/2022\/02\/51655792439_0349eb71af_c.jpg\" alt=\"\" width=\"799\" height=\"533\" srcset=\"https:\/\/blogs.gazetaesportiva.com\/albertohelena\/files\/2022\/02\/51655792439_0349eb71af_c.jpg 799w, https:\/\/blogs.gazetaesportiva.com\/albertohelena\/files\/2022\/02\/51655792439_0349eb71af_c-300x200.jpg 300w, https:\/\/blogs.gazetaesportiva.com\/albertohelena\/files\/2022\/02\/51655792439_0349eb71af_c-768x512.jpg 768w, https:\/\/blogs.gazetaesportiva.com\/albertohelena\/files\/2022\/02\/51655792439_0349eb71af_c-120x80.jpg 120w\" sizes=\"auto, (max-width: 799px) 100vw, 799px\" \/><\/a><figcaption id=\"caption-attachment-13086\" class=\"wp-caption-text\">Foto: Ivan Storti\/Santos FC<\/figcaption><\/figure>\n<p>Caiu Carille. Que novidade! Afinal \u00e9 s\u00f3 pra isso que serve esse anacr\u00f4nico Paulistinha, cuja \u00fanica fun\u00e7\u00e3o no calend\u00e1rio brasileiro \u00e9 impedir que os principais clubes tenham a chamada pr\u00e9-temporada, tempo de ajustes dos times por parte dos treinadores para as competi\u00e7\u00f5es realmente importantes do ponto de vista t\u00e9cnico e financeiro: Brasileir\u00e3o, Libertadores, Copa do Brasil e Sul-Americana.<\/p>\n<p>Resultado: como o Paulistinha acaba ganhando contornos de competi\u00e7\u00e3o importante, valendo pontos e t\u00edtulo, o t\u00e9cnico de um grande clube \u00e9 obrigado a queimar etapas s\u00f3 pra sobreviver, e acaba sendo defenestrado no meio desse caminho. Os exemplos s\u00e3o in\u00fameros, nas \u00faltimas d\u00e9cadas.<\/p>\n<p>Isso, por\u00e9m, n\u00e3o exime Carille de seus pr\u00f3prios equ\u00edvocos, e o \u00faltimo deles foi escalar o Santos, na derrota para o Mirassol, com um meio de campo absurdo, o que levou o Peixe a levar 3 a 0 na espinha ainda no primeiro tempo.<\/p>\n<p>Mas, se voltarmos \u00e0s origens dessa hist\u00f3ria de final lament\u00e1vel, veremos que o maior culpado foi o cartola que resolveu contratar Carille para dirigir o Santos.<\/p>\n<p>Ora, se h\u00e1 um time caboclo que preserva suas caracter\u00edsticas ofensivas desde os tempos de Arak\u00e9n Patusca at\u00e9 outro dia, esse \u00e9 o Peixe. Justamente o conceito contr\u00e1rio aos h\u00e1bitos e concep\u00e7\u00f5es do t\u00e9cnico Carille, treinador que se destacou brevemente no Corinthians por isso mesmo, anos atr\u00e1s: armar bem a defesa e seja l\u00e1 o que Deus quiser.<\/p>\n<p>Assim como j\u00e1 ocorreu recentemente com Jesualdo e Jair Ventura. Ao fugir de seu destino, o Peixe perdeu o rumo e morreu na praia.<\/p>\n<p>Esse, por\u00e9m, n\u00e3o \u00e9 um defeito s\u00f3 do Santos. Quase todos os clubes brasileiros, acostumados a contratar e demitir treinadores logo em seguida, n\u00e3o se esmeram em procurar um treinador cujas caracter\u00edsticas combinem com a hist\u00f3ria do pr\u00f3prio time. Nada disso. Buscam aquele de maior nomeada solto na pra\u00e7a, independentemente de haver ou n\u00e3o identidade entre ambos.<\/p>\n<p>A modinha, agora, \u00e9 buscar em Portugal as solu\u00e7\u00f5es que nossos cartolas esgotaram por aqui. Como se o futebol luso fosse padr\u00e3o de excel\u00eancia e ideias mais arejadas. N\u00e3o \u00e9. Basta ver a participa\u00e7\u00e3o dos clubes de l\u00e1, seja no campeonato nacional, seja nas competi\u00e7\u00f5es europeias. \u00c9 a mesma chatice, l\u00e1 como c\u00e1.<\/p>\n<p>Pior: o sujeito desembarca no Brasil desconhecendo as caracter\u00edsticas dos jogadores do elenco que lhe \u00e9 entregue e assim mesmo tenta mold\u00e1-lo a seu pr\u00f3prio modelo de jogo. Ent\u00e3o, v\u00ea-se o que est\u00e1 acontecendo com o Flamengo de Paulo Sousa, que forma uma linha de tr\u00eas zagueiros, bota Marinho pra jogar pelo meio, inverte o lado preferido de Everton Ribeiro, e assim vai&#8230;<\/p>\n<p>Ah, mas o Jesus e o Abel deram certo, dir\u00e1 o amigo.<\/p>\n<p>O Jesus, sim, pois obteve uma s\u00e9rie de \u00eaxitos justamente por saber escalar seu time de acordo com o perfil de seus jogadores, o que fez o Flamengo flamejar no desempenho, al\u00e9m dos t\u00edtulos.<\/p>\n<p>J\u00e1 Abel, com um elenco de se tirar o chap\u00e9u, no Palmeiras, conquistou t\u00edtulos expressivos, mas jamais conseguiu fazer o Palmeiras jogar um futebol encantador. Ganhou mais por conta da excel\u00eancia de seu grupo de jogadores do que por suas ideias renovadoras ou geniais, que, de fato, se resumem em fechar a casinha e partir em contragolpes velozes puxados por Dudu e cia. E olhe que ele herdou do Cebola uma equipe jogando um futebo redondinho, e, de in\u00edcio j\u00e1 foi metendo tr\u00eas zagueiros e tal e cousa e lousa e maripousa, at\u00e9 dr um passo atr\u00e1s e acertar o conjunto de maneira eficiente, mas s\u00f3bria.<\/p>\n<p>Enfim, resta esperar que o Santos, desta vez, acerte o passo, quem sabe at\u00e9 com um interino j\u00e1 enturmado com a garotada e com a hist\u00f3ria da Vila.<\/p>\n<p>&nbsp;<\/p>\n<p>&nbsp;<\/p>\n","protected":false},"excerpt":{"rendered":"<p>Caiu Carille. Que novidade! Afinal \u00e9 s\u00f3 pra isso que serve esse anacr\u00f4nico Paulistinha, cuja \u00fanica fun\u00e7\u00e3o no calend\u00e1rio brasileiro \u00e9 impedir que os principais <a class=\"read-more\" href=\"https:\/\/blogs.gazetaesportiva.com\/albertohelena\/2022\/02\/18\/caiu-carille-que-novidade\/\">leia mais<\/a><\/p>\n","protected":false},"author":46,"featured_media":13086,"comment_status":"open","ping_status":"open","sticky":false,"template":"","format":"standard","meta":{"_jetpack_newsletter_access":"","_jetpack_dont_email_post_to_subs":false,"_jetpack_newsletter_tier_id":0,"_jetpack_memberships_contains_paywalled_content":false,"_jetpack_memberships_contains_paid_content":false,"footnotes":""},"categories":[15,1],"tags":[],"class_list":["post-13085","post","type-post","status-publish","format-standard","has-post-thumbnail","hentry","category-santos","category-sem-categoria"],"jetpack_featured_media_url":"https:\/\/blogs.gazetaesportiva.com\/albertohelena\/files\/2022\/02\/51655792439_0349eb71af_c.jpg","jetpack_sharing_enabled":true,"jetpack_shortlink":"https:\/\/wp.me\/pekB7q-3p3","_links":{"self":[{"href":"https:\/\/blogs.gazetaesportiva.com\/albertohelena\/wp-json\/wp\/v2\/posts\/13085","targetHints":{"allow":["GET"]}}],"collection":[{"href":"https:\/\/blogs.gazetaesportiva.com\/albertohelena\/wp-json\/wp\/v2\/posts"}],"about":[{"href":"https:\/\/blogs.gazetaesportiva.com\/albertohelena\/wp-json\/wp\/v2\/types\/post"}],"author":[{"embeddable":true,"href":"https:\/\/blogs.gazetaesportiva.com\/albertohelena\/wp-json\/wp\/v2\/users\/46"}],"replies":[{"embeddable":true,"href":"https:\/\/blogs.gazetaesportiva.com\/albertohelena\/wp-json\/wp\/v2\/comments?post=13085"}],"version-history":[{"count":0,"href":"https:\/\/blogs.gazetaesportiva.com\/albertohelena\/wp-json\/wp\/v2\/posts\/13085\/revisions"}],"wp:featuredmedia":[{"embeddable":true,"href":"https:\/\/blogs.gazetaesportiva.com\/albertohelena\/wp-json\/wp\/v2\/media\/13086"}],"wp:attachment":[{"href":"https:\/\/blogs.gazetaesportiva.com\/albertohelena\/wp-json\/wp\/v2\/media?parent=13085"}],"wp:term":[{"taxonomy":"category","embeddable":true,"href":"https:\/\/blogs.gazetaesportiva.com\/albertohelena\/wp-json\/wp\/v2\/categories?post=13085"},{"taxonomy":"post_tag","embeddable":true,"href":"https:\/\/blogs.gazetaesportiva.com\/albertohelena\/wp-json\/wp\/v2\/tags?post=13085"}],"curies":[{"name":"wp","href":"https:\/\/api.w.org\/{rel}","templated":true}]}}