{"id":13082,"date":"2022-02-18T00:28:25","date_gmt":"2022-02-18T03:28:25","guid":{"rendered":"https:\/\/blogs.gazetaesportiva.com\/albertohelena\/?p=13082"},"modified":"2022-02-18T01:07:52","modified_gmt":"2022-02-18T04:07:52","slug":"peixe-e-tricolor-derrota-e-empate","status":"publish","type":"post","link":"https:\/\/blogs.gazetaesportiva.com\/albertohelena\/2022\/02\/18\/peixe-e-tricolor-derrota-e-empate\/","title":{"rendered":"Peixe e Tricolor: derrota e empate"},"content":{"rendered":"<figure id=\"attachment_13084\" aria-describedby=\"caption-attachment-13084\" style=\"width: 2048px\" class=\"wp-caption alignnone\"><a href=\"https:\/\/blogs.gazetaesportiva.com\/albertohelena\/files\/2022\/02\/51888318918_2a55b0d60a_k.jpg\"><img loading=\"lazy\" decoding=\"async\" data-attachment-id=\"13084\" data-permalink=\"https:\/\/blogs.gazetaesportiva.com\/albertohelena\/2022\/02\/18\/peixe-e-tricolor-derrota-e-empate\/51888318918_2a55b0d60a_k\/\" data-orig-file=\"https:\/\/blogs.gazetaesportiva.com\/albertohelena\/files\/2022\/02\/51888318918_2a55b0d60a_k.jpg\" data-orig-size=\"2048,1412\" data-comments-opened=\"1\" data-image-meta=\"{&quot;aperture&quot;:&quot;0&quot;,&quot;credit&quot;:&quot;Miguel SCHINCARIOL&quot;,&quot;camera&quot;:&quot;&quot;,&quot;caption&quot;:&quot;&quot;,&quot;created_timestamp&quot;:&quot;0&quot;,&quot;copyright&quot;:&quot;&quot;,&quot;focal_length&quot;:&quot;0&quot;,&quot;iso&quot;:&quot;0&quot;,&quot;shutter_speed&quot;:&quot;0&quot;,&quot;title&quot;:&quot;&quot;,&quot;orientation&quot;:&quot;0&quot;}\" data-image-title=\"51888318918_2a55b0d60a_k\" data-image-description=\"\" data-image-caption=\"&lt;p&gt;S\u00e3o Paulo n\u00e3o conseguiu superar a defesa da Inter (Foto: Divulga\u00e7\u00e3o\/Rubens Chiri)&lt;\/p&gt;\n\" data-medium-file=\"https:\/\/blogs.gazetaesportiva.com\/albertohelena\/files\/2022\/02\/51888318918_2a55b0d60a_k-300x207.jpg\" data-large-file=\"https:\/\/blogs.gazetaesportiva.com\/albertohelena\/files\/2022\/02\/51888318918_2a55b0d60a_k-1024x706.jpg\" class=\"size-full wp-image-13084\" src=\"https:\/\/blogs.gazetaesportiva.com\/albertohelena\/files\/2022\/02\/51888318918_2a55b0d60a_k.jpg\" alt=\"\" width=\"2048\" height=\"1412\" srcset=\"https:\/\/blogs.gazetaesportiva.com\/albertohelena\/files\/2022\/02\/51888318918_2a55b0d60a_k.jpg 2048w, https:\/\/blogs.gazetaesportiva.com\/albertohelena\/files\/2022\/02\/51888318918_2a55b0d60a_k-300x207.jpg 300w, https:\/\/blogs.gazetaesportiva.com\/albertohelena\/files\/2022\/02\/51888318918_2a55b0d60a_k-768x530.jpg 768w, https:\/\/blogs.gazetaesportiva.com\/albertohelena\/files\/2022\/02\/51888318918_2a55b0d60a_k-1024x706.jpg 1024w\" sizes=\"auto, (max-width: 2048px) 100vw, 2048px\" \/><\/a><figcaption id=\"caption-attachment-13084\" class=\"wp-caption-text\">S\u00e3o Paulo n\u00e3o conseguiu superar a defesa da Inter (Foto: Divulga\u00e7\u00e3o\/Rubens Chiri)<\/figcaption><\/figure>\n<p>Mais uma vez, o S\u00e3o Paulo entrou em campo muito alterado, contra o Inter de Limeira.<\/p>\n<p>E, durante a primeira meia hora de bola rolando, foi impec\u00e1vel: com passes r\u00e1pidos, envolventes, acuou o advers\u00e1rio no campo oposto, esbarrando, por\u00e9m, no \u00faltimo instante, na forte e redobrada marca\u00e7\u00e3o da Inter ou no chute errado de seus avantes.<\/p>\n<p>A \u00fanica brecha era cavada pela participa\u00e7\u00e3o esperta e insinuante do menino Marquinhos, pela direta. A exemplo dos seus mais recentes antecessores &#8211; Neres e Anthony -, canhoto, driblador e incisivo, pela direita, apenas repetia, com mais tempo dispon\u00edvel em campo, o que j\u00e1 demonstrara nas vezes anteriores, quando entrava em jogo por uns poucos minutos.<\/p>\n<p>Eis, por\u00e9m, que Ceni resolveu substitu\u00ed-lo no in\u00edcio do segundo tempo e o S\u00e3o Paulo, apesar de manter o cerco \u00e0 \u00e1rea inimiga, limitou-se a cruzar bolas in\u00f3cuas \u00e0 procura de Calleri e cia.<\/p>\n<p>Resultado: 0 a 0.<\/p>\n<p>Antes, o Santos por pouco n\u00e3o passa por um vexame em Mirassol, que abriu 3 a 0 logo no primeiro tempo, com gols de Zeca, Fabr\u00edcio e Rafael Silva, assim, \u00f3, um atr\u00e1s do outro.<\/p>\n<p>E, tudo isso, gra\u00e7as ao t\u00e9cnico Carille, que armou um meio de campo ineficaz, permitindo ao advers\u00e1rio dele tomar conta e varar a defesa peixeira com facilidade.<\/p>\n<p>Mas, no intervalo, Carille desfez o malfeito, rocando os tr\u00eas meio-camp\u00edstas por um trio mais l\u00facido e eficiente, o que lhe permitiu logo reduzir o placar para 3 a 2, com gols de Madson e Marcos Guilherme.<\/p>\n<p>Contudo, n\u00e3o o bastante pra chegar ao menos ao empate, o que deixa o Santos em posi\u00e7\u00e3o delicada na tabela.<\/p>\n","protected":false},"excerpt":{"rendered":"<p>Mais uma vez, o S\u00e3o Paulo entrou em campo muito alterado, contra o Inter de Limeira. E, durante a primeira meia hora de bola rolando, <a class=\"read-more\" href=\"https:\/\/blogs.gazetaesportiva.com\/albertohelena\/2022\/02\/18\/peixe-e-tricolor-derrota-e-empate\/\">leia mais<\/a><\/p>\n","protected":false},"author":46,"featured_media":13084,"comment_status":"open","ping_status":"open","sticky":false,"template":"","format":"standard","meta":{"_jetpack_newsletter_access":"","_jetpack_dont_email_post_to_subs":false,"_jetpack_newsletter_tier_id":0,"_jetpack_memberships_contains_paywalled_content":false,"_jetpack_memberships_contains_paid_content":false,"footnotes":""},"categories":[1],"tags":[],"class_list":["post-13082","post","type-post","status-publish","format-standard","has-post-thumbnail","hentry","category-sem-categoria"],"jetpack_featured_media_url":"https:\/\/blogs.gazetaesportiva.com\/albertohelena\/files\/2022\/02\/51888318918_2a55b0d60a_k.jpg","jetpack_sharing_enabled":true,"jetpack_shortlink":"https:\/\/wp.me\/pekB7q-3p0","_links":{"self":[{"href":"https:\/\/blogs.gazetaesportiva.com\/albertohelena\/wp-json\/wp\/v2\/posts\/13082","targetHints":{"allow":["GET"]}}],"collection":[{"href":"https:\/\/blogs.gazetaesportiva.com\/albertohelena\/wp-json\/wp\/v2\/posts"}],"about":[{"href":"https:\/\/blogs.gazetaesportiva.com\/albertohelena\/wp-json\/wp\/v2\/types\/post"}],"author":[{"embeddable":true,"href":"https:\/\/blogs.gazetaesportiva.com\/albertohelena\/wp-json\/wp\/v2\/users\/46"}],"replies":[{"embeddable":true,"href":"https:\/\/blogs.gazetaesportiva.com\/albertohelena\/wp-json\/wp\/v2\/comments?post=13082"}],"version-history":[{"count":0,"href":"https:\/\/blogs.gazetaesportiva.com\/albertohelena\/wp-json\/wp\/v2\/posts\/13082\/revisions"}],"wp:featuredmedia":[{"embeddable":true,"href":"https:\/\/blogs.gazetaesportiva.com\/albertohelena\/wp-json\/wp\/v2\/media\/13084"}],"wp:attachment":[{"href":"https:\/\/blogs.gazetaesportiva.com\/albertohelena\/wp-json\/wp\/v2\/media?parent=13082"}],"wp:term":[{"taxonomy":"category","embeddable":true,"href":"https:\/\/blogs.gazetaesportiva.com\/albertohelena\/wp-json\/wp\/v2\/categories?post=13082"},{"taxonomy":"post_tag","embeddable":true,"href":"https:\/\/blogs.gazetaesportiva.com\/albertohelena\/wp-json\/wp\/v2\/tags?post=13082"}],"curies":[{"name":"wp","href":"https:\/\/api.w.org\/{rel}","templated":true}]}}