{"id":13079,"date":"2022-02-17T00:02:40","date_gmt":"2022-02-17T03:02:40","guid":{"rendered":"https:\/\/blogs.gazetaesportiva.com\/albertohelena\/?p=13079"},"modified":"2022-02-17T00:09:25","modified_gmt":"2022-02-17T03:09:25","slug":"seis-horas-de-bola-esperta-e-sonolenta","status":"publish","type":"post","link":"https:\/\/blogs.gazetaesportiva.com\/albertohelena\/2022\/02\/17\/seis-horas-de-bola-esperta-e-sonolenta\/","title":{"rendered":"Seis horas de bola esperta e sonolenta"},"content":{"rendered":"<figure id=\"attachment_13081\" aria-describedby=\"caption-attachment-13081\" style=\"width: 2048px\" class=\"wp-caption alignnone\"><a href=\"https:\/\/blogs.gazetaesportiva.com\/albertohelena\/files\/2022\/02\/RG.jpg\"><img loading=\"lazy\" decoding=\"async\" data-attachment-id=\"13081\" data-permalink=\"https:\/\/blogs.gazetaesportiva.com\/albertohelena\/2022\/02\/17\/seis-horas-de-bola-esperta-e-sonolenta\/rg\/\" data-orig-file=\"https:\/\/blogs.gazetaesportiva.com\/albertohelena\/files\/2022\/02\/RG.jpg\" data-orig-size=\"2048,1363\" data-comments-opened=\"1\" data-image-meta=\"{&quot;aperture&quot;:&quot;0&quot;,&quot;credit&quot;:&quot;&quot;,&quot;camera&quot;:&quot;&quot;,&quot;caption&quot;:&quot;&quot;,&quot;created_timestamp&quot;:&quot;0&quot;,&quot;copyright&quot;:&quot;&quot;,&quot;focal_length&quot;:&quot;0&quot;,&quot;iso&quot;:&quot;0&quot;,&quot;shutter_speed&quot;:&quot;0&quot;,&quot;title&quot;:&quot;&quot;,&quot;orientation&quot;:&quot;0&quot;}\" data-image-title=\"RG\" data-image-description=\"\" data-image-caption=\"&lt;p&gt;R\u00f3ger Guedes marcou dois na vit\u00f3ria do Corinthians (Foto: Divulga\u00e7\u00e3o\/Mauro Horita)&lt;\/p&gt;\n\" data-medium-file=\"https:\/\/blogs.gazetaesportiva.com\/albertohelena\/files\/2022\/02\/RG-300x200.jpg\" data-large-file=\"https:\/\/blogs.gazetaesportiva.com\/albertohelena\/files\/2022\/02\/RG-1024x682.jpg\" class=\"size-full wp-image-13081\" src=\"https:\/\/blogs.gazetaesportiva.com\/albertohelena\/files\/2022\/02\/RG.jpg\" alt=\"\" width=\"2048\" height=\"1363\" srcset=\"https:\/\/blogs.gazetaesportiva.com\/albertohelena\/files\/2022\/02\/RG.jpg 2048w, https:\/\/blogs.gazetaesportiva.com\/albertohelena\/files\/2022\/02\/RG-300x200.jpg 300w, https:\/\/blogs.gazetaesportiva.com\/albertohelena\/files\/2022\/02\/RG-768x511.jpg 768w, https:\/\/blogs.gazetaesportiva.com\/albertohelena\/files\/2022\/02\/RG-1024x682.jpg 1024w, https:\/\/blogs.gazetaesportiva.com\/albertohelena\/files\/2022\/02\/RG-120x80.jpg 120w\" sizes=\"auto, (max-width: 2048px) 100vw, 2048px\" \/><\/a><figcaption id=\"caption-attachment-13081\" class=\"wp-caption-text\">R\u00f3ger Guedes marcou dois na vit\u00f3ria do Corinthians (Foto: Divulga\u00e7\u00e3o\/Mauro Horita)<\/figcaption><\/figure>\n<p>Foram quase seis horas vendo a bola rolar por esse mund\u00e3o afora na tela da tv.<\/p>\n<p>A longa sess\u00e3o come\u00e7ou no final da tarde, com os jogos da Liga dos Campe\u00f5es, na \u00c1ustria e na It\u00e1lia, com bolas vivazes rolando nos dois campos e reservando uma grande surpresa: o Bayern penando pra arrancar o empate por 1 a 1, j\u00e1 nos acr\u00e9scimos, diante do Salzbourg, gra\u00e7as a Comann, depois de incessante blitz que se esva\u00eda diante da defesa cerrada dos austr\u00edacos.<\/p>\n<p>J\u00e1 em Mil\u00e3o, nenhuma surpresa: Liverpool 2, Inter 0, gols de Firmino, que entrou no segundo tempo, e de Salah, claro, que, por sinal, teve uma jornada apagada.<\/p>\n<p>Bem que os italianos, como \u00e9 de seu feitio, venderam caro a derrota, com seus jogadores se desdobrando em campo, sobretudo na defesa, pois defender \u00e9 sua maior especialidade.<\/p>\n<p>Mas, o Liverpool \u00e9 muito mais t\u00e9cnico e j\u00e1 est\u00e1 com um p\u00e9 nas quartas de final.<\/p>\n<p>Por aqui, noite se fechando, a bola semicerrou os olhos e passou a dormitar na Fonte Luminosa, onde a Ferrovi\u00e1ria recebia o time reserva do Palmeiras. Ia pra c\u00e1, pra l\u00e1, como se balan\u00e7ando na rede da pregui\u00e7a at\u00e9 que, aos 37 minutos, Murilo, aproveitando cobran\u00e7a exata de cobran\u00e7a de corner, metesse na bichinha o cabeceio fatal: 1 a 0.<\/p>\n<p>A inhanha seguiu segundo tempo adiante, intercalada apenas pela esperteza de Breno Lopes ao mand\u00e1-la \u00e0s redes, em meio a um bate-rebate na boca da meta advers\u00e1ria.<\/p>\n<p>E assim o Verd\u00e3o segue l\u00edder de seu grupo, gra\u00e7as \u00e0 superioridade de seu elenco em rela\u00e7\u00e3o aos demais concorrentes.<\/p>\n<p>Assim como excelente \u00e9 esse time titular do Corinthians que entrou em campo logo a seguir, recebendo em casa o S\u00e3o Bernardo.<\/p>\n<p>Ao longo de todo o primeiro tempo, enquanto o S\u00e3o Bernardo tinha f\u00f4lego para obstar as a\u00e7\u00f5es ofensivas alvinegras, a bichinha seguiu sonolenta rodando de um lado pro outro.<\/p>\n<p>Mas, na etapa final, um passe magistral de Giuliano colocou Roger Guedes, logo aos 9 minutos, em posi\u00e7\u00e3o de disparar em dire\u00e7\u00e3o \u00e0 meta e, numa cavadinha solerte, abrir a contagem<\/p>\n<p>Contagem que o mesmo Roger ampliou aos 23, aproveitando passe exato de Renato Augusto. Placar que se ampliaria cinco minutos depois com a cobran\u00e7a precisa de p\u00eanalti por William.<\/p>\n<p>E assim vai, Corinthians, sem pressa de achar um treinador substituto para Silvinho e com tempo pra afiar esse conjunto que se prenuncia altamente promissor.<\/p>\n","protected":false},"excerpt":{"rendered":"<p>Foram quase seis horas vendo a bola rolar por esse mund\u00e3o afora na tela da tv. A longa sess\u00e3o come\u00e7ou no final da tarde, com <a class=\"read-more\" href=\"https:\/\/blogs.gazetaesportiva.com\/albertohelena\/2022\/02\/17\/seis-horas-de-bola-esperta-e-sonolenta\/\">leia mais<\/a><\/p>\n","protected":false},"author":46,"featured_media":13081,"comment_status":"open","ping_status":"open","sticky":false,"template":"","format":"standard","meta":{"_jetpack_newsletter_access":"","_jetpack_dont_email_post_to_subs":false,"_jetpack_newsletter_tier_id":0,"_jetpack_memberships_contains_paywalled_content":false,"_jetpack_memberships_contains_paid_content":false,"footnotes":""},"categories":[1],"tags":[],"class_list":["post-13079","post","type-post","status-publish","format-standard","has-post-thumbnail","hentry","category-sem-categoria"],"jetpack_featured_media_url":"https:\/\/blogs.gazetaesportiva.com\/albertohelena\/files\/2022\/02\/RG.jpg","jetpack_sharing_enabled":true,"jetpack_shortlink":"https:\/\/wp.me\/pekB7q-3oX","_links":{"self":[{"href":"https:\/\/blogs.gazetaesportiva.com\/albertohelena\/wp-json\/wp\/v2\/posts\/13079","targetHints":{"allow":["GET"]}}],"collection":[{"href":"https:\/\/blogs.gazetaesportiva.com\/albertohelena\/wp-json\/wp\/v2\/posts"}],"about":[{"href":"https:\/\/blogs.gazetaesportiva.com\/albertohelena\/wp-json\/wp\/v2\/types\/post"}],"author":[{"embeddable":true,"href":"https:\/\/blogs.gazetaesportiva.com\/albertohelena\/wp-json\/wp\/v2\/users\/46"}],"replies":[{"embeddable":true,"href":"https:\/\/blogs.gazetaesportiva.com\/albertohelena\/wp-json\/wp\/v2\/comments?post=13079"}],"version-history":[{"count":0,"href":"https:\/\/blogs.gazetaesportiva.com\/albertohelena\/wp-json\/wp\/v2\/posts\/13079\/revisions"}],"wp:featuredmedia":[{"embeddable":true,"href":"https:\/\/blogs.gazetaesportiva.com\/albertohelena\/wp-json\/wp\/v2\/media\/13081"}],"wp:attachment":[{"href":"https:\/\/blogs.gazetaesportiva.com\/albertohelena\/wp-json\/wp\/v2\/media?parent=13079"}],"wp:term":[{"taxonomy":"category","embeddable":true,"href":"https:\/\/blogs.gazetaesportiva.com\/albertohelena\/wp-json\/wp\/v2\/categories?post=13079"},{"taxonomy":"post_tag","embeddable":true,"href":"https:\/\/blogs.gazetaesportiva.com\/albertohelena\/wp-json\/wp\/v2\/tags?post=13079"}],"curies":[{"name":"wp","href":"https:\/\/api.w.org\/{rel}","templated":true}]}}