{"id":13075,"date":"2022-02-15T20:13:42","date_gmt":"2022-02-15T23:13:42","guid":{"rendered":"https:\/\/blogs.gazetaesportiva.com\/albertohelena\/?p=13075"},"modified":"2022-02-15T21:36:05","modified_gmt":"2022-02-16T00:36:05","slug":"timao-solucao-caseira","status":"publish","type":"post","link":"https:\/\/blogs.gazetaesportiva.com\/albertohelena\/2022\/02\/15\/timao-solucao-caseira\/","title":{"rendered":"Tim\u00e3o, solu\u00e7\u00e3o caseira"},"content":{"rendered":"<figure id=\"attachment_13078\" aria-describedby=\"caption-attachment-13078\" style=\"width: 2000px\" class=\"wp-caption alignnone\"><a href=\"https:\/\/blogs.gazetaesportiva.com\/albertohelena\/files\/2022\/02\/agenciacorinthians-foto-189477.jpg\"><img loading=\"lazy\" decoding=\"async\" data-attachment-id=\"13078\" data-permalink=\"https:\/\/blogs.gazetaesportiva.com\/albertohelena\/2022\/02\/15\/timao-solucao-caseira\/agenciacorinthians-foto-189477\/\" data-orig-file=\"https:\/\/blogs.gazetaesportiva.com\/albertohelena\/files\/2022\/02\/agenciacorinthians-foto-189477.jpg\" data-orig-size=\"2000,1416\" data-comments-opened=\"1\" data-image-meta=\"{&quot;aperture&quot;:&quot;3.5&quot;,&quot;credit&quot;:&quot;&quot;,&quot;camera&quot;:&quot;Canon EOS 5D Mark III&quot;,&quot;caption&quot;:&quot;&quot;,&quot;created_timestamp&quot;:&quot;1644542461&quot;,&quot;copyright&quot;:&quot;&quot;,&quot;focal_length&quot;:&quot;300&quot;,&quot;iso&quot;:&quot;3200&quot;,&quot;shutter_speed&quot;:&quot;0.0005&quot;,&quot;title&quot;:&quot;&quot;,&quot;orientation&quot;:&quot;0&quot;}\" data-image-title=\"agenciacorinthians-foto-189477\" data-image-description=\"\" data-image-caption=\"&lt;p&gt;Fernando L\u00e1zaro vem dirigindo o Corinthians interinamente (Foto: Divulga\u00e7\u00e3o\/Rodrigo Coca)&lt;\/p&gt;\n\" data-medium-file=\"https:\/\/blogs.gazetaesportiva.com\/albertohelena\/files\/2022\/02\/agenciacorinthians-foto-189477-300x212.jpg\" data-large-file=\"https:\/\/blogs.gazetaesportiva.com\/albertohelena\/files\/2022\/02\/agenciacorinthians-foto-189477-1024x725.jpg\" class=\"size-full wp-image-13078\" src=\"https:\/\/blogs.gazetaesportiva.com\/albertohelena\/files\/2022\/02\/agenciacorinthians-foto-189477.jpg\" alt=\"\" width=\"2000\" height=\"1416\" srcset=\"https:\/\/blogs.gazetaesportiva.com\/albertohelena\/files\/2022\/02\/agenciacorinthians-foto-189477.jpg 2000w, https:\/\/blogs.gazetaesportiva.com\/albertohelena\/files\/2022\/02\/agenciacorinthians-foto-189477-300x212.jpg 300w, https:\/\/blogs.gazetaesportiva.com\/albertohelena\/files\/2022\/02\/agenciacorinthians-foto-189477-768x544.jpg 768w, https:\/\/blogs.gazetaesportiva.com\/albertohelena\/files\/2022\/02\/agenciacorinthians-foto-189477-1024x725.jpg 1024w\" sizes=\"auto, (max-width: 2000px) 100vw, 2000px\" \/><\/a><figcaption id=\"caption-attachment-13078\" class=\"wp-caption-text\">Fernando L\u00e1zaro vem dirigindo o Corinthians interinamente (Foto: Divulga\u00e7\u00e3o\/Rodrigo Coca)<\/figcaption><\/figure>\n<p>At\u00e9 o ex-presidente Lula, corintiano ilustre, acha que seu clube n\u00e3o deve trazer um t\u00e9cnico estrangeiro.<\/p>\n<p>Concordo. N\u00e3o por eventual jacobinismo, mas porque, sobretudo, o foco dos cartolas brasileiros tem sido o futebol portugu\u00eas, baseado no sucesso recente de Jesus no Flamengo e de Abel no Palmeiras. Sucessos distintos, diga-se: um, por for\u00e7a n\u00e3o s\u00f3 dos resultados, mas, sobretudo, do desempenho m\u00e1gico do time da G\u00e1vea; outro, somente pelos resultados, nunca pelas performances do Verd\u00e3o.<\/p>\n<p>Muitos outros por aqui passaram e nem mesmo esquentaram o banco.<\/p>\n<p>Contudo, se o amigo espiar os jogos do campeonato portugu\u00eas, ver\u00e1 que os t\u00e9cnicos de l\u00e1 n\u00e3o se diferenciam dos de que c\u00e1 em nada. Jogam no mesmo estilo desgracioso e pouco efetivo que presenciamos no atual futebol brasileiro.<\/p>\n<p>Embora produzindo excelentes jogadores &#8211; todos jogando nos centros mais evolu\u00eddos da Europa (Inglaterra, sobretudo) &#8211; do ponto de vista meramente t\u00e1tico-estrat\u00e9gico, os t\u00e9cnicos lusos nada acrescentam de novo, ao contr\u00e1rio, por exemplo, do alem\u00e3o Klopp, do Liverpool, do holand\u00eas Ten Hag, do Ajax, d espanhol Xavi, agora processando o renascimento do Bar\u00e7a, muito menos do catal\u00e3o Guardiola.<\/p>\n<p>A prop\u00f3sito, ainda nesta ter\u00e7a, pela Liga dos Campe\u00f5es, o City, campe\u00e3o ingl\u00eas, meteu 5 a 0 no campe\u00e3o portugu\u00eas, em Lisboa, fora o baile, A diferen\u00e7a de concep\u00e7\u00e3o de jogo \u00e9 simplesmente brutal.<\/p>\n<p>E, n\u00e3o se trata apenas da maior capacidade de investimentos do futebol ingl\u00eas em rela\u00e7\u00e3o aos demais. Pegue como exemplo o Ajax, de reduzido poder econ\u00f4mico, que, contudo, sempre adotou um estilo moderno (ou eterno) de jogar pra frente e assim segue com \u00eaxito no plano europeu.<\/p>\n<p>Voltando, pois, ao Corinthians, vou al\u00e9m: se n\u00e3o puder contratar o Cuca, tantas vezes vitorioso em outros clubes sem ser um desses<em> jovens estudiosos<\/em> t\u00e3o decantados em v\u00e3o por boa parte de nossa cr\u00f4nica esportiva, vou al\u00e9m: a n\u00e3o ser que sobrevenha alguma cat\u00e1strofe pela frente, que se efetive esse interino L\u00e1zaro.<\/p>\n<p>Modesto, barato (o que \u00e9 muito importante para um clube escangalhado em suas finan\u00e7as) e capaz de executar esse modelo de jogo ditado pelo t\u00e9cnica e experi\u00eancia de seus principais jogadores.<\/p>\n<p>O treinador que chega a peso de ouro, badalado pela imprensa, j\u00e1 est\u00e1 viciado neste ou naquele sistema de jogo, decidido a imprimir suas pr\u00f3prias digitais no time. \u00c9 do que menos precisa esse Tim\u00e3o atual. As digitais a serem\u00a0 impressas ficam por conta de Fagner, F\u00e1bio Santos, Renato Augusto, William, Giuliano, Paulinho, Roger Guedes e J\u00f4. Eles sabem bem como se distribuir em campo e s\u00f3 precisam de rodagem, junto, pra atingir a flu\u00eancia de jogo necess\u00e1ria que coloque esse Corinthians entre os seus tr\u00eas principais rivais brasileiros &#8211; Flamengo, Palmeiras e Galo.<\/p>\n<p>Ali\u00e1s, desde tempos remotos, o Corinthians j\u00e1 viveu \u00f3timas experi\u00eancias nesse sentido.<\/p>\n<p>Basta lembrar de Rato, ex-craque dos anos 20, ent\u00e3o auxiliar-t\u00e9cnico, que assumiu o time titular em 1951, quando o Corinthians completava dez anos de fila. Acabou formando um dos maiores times alvinegros da hist\u00f3ria, aquele de Id\u00e1rio, Goiano e Roberto, Cl\u00e1udio, Luisinho, Baltazar Carbone e Jackson. quebrou a longa s\u00e9rie de fracassos e ainda acumulou um bi, em 52.<\/p>\n<p>Mais recentemente, tivemos o exemplo de Carille,<\/p>\n<p>Logo, n\u00e3o seria nem novidade, nem um absurdo, o prosseguimento com L\u00e1zaro.<\/p>\n<p>Mas, sacum\u00e9&#8230; A Fiel&#8230; Ora, a Fiel que assim o seja: fiel ao seu time, estimulando-o nas horas boas e nas m\u00e1s, em vez de seguir o roteiro das redes sociais que costumam levar nossa gente aos caminhos mais trevosos, como estamos trilhando ainda agora.<\/p>\n","protected":false},"excerpt":{"rendered":"<p>At\u00e9 o ex-presidente Lula, corintiano ilustre, acha que seu clube n\u00e3o deve trazer um t\u00e9cnico estrangeiro. Concordo. N\u00e3o por eventual jacobinismo, mas porque, sobretudo, o <a class=\"read-more\" href=\"https:\/\/blogs.gazetaesportiva.com\/albertohelena\/2022\/02\/15\/timao-solucao-caseira\/\">leia mais<\/a><\/p>\n","protected":false},"author":46,"featured_media":13078,"comment_status":"open","ping_status":"open","sticky":false,"template":"","format":"standard","meta":{"_jetpack_newsletter_access":"","_jetpack_dont_email_post_to_subs":false,"_jetpack_newsletter_tier_id":0,"_jetpack_memberships_contains_paywalled_content":false,"_jetpack_memberships_contains_paid_content":false,"footnotes":""},"categories":[1],"tags":[],"class_list":["post-13075","post","type-post","status-publish","format-standard","has-post-thumbnail","hentry","category-sem-categoria"],"jetpack_featured_media_url":"https:\/\/blogs.gazetaesportiva.com\/albertohelena\/files\/2022\/02\/agenciacorinthians-foto-189477.jpg","jetpack_sharing_enabled":true,"jetpack_shortlink":"https:\/\/wp.me\/pekB7q-3oT","_links":{"self":[{"href":"https:\/\/blogs.gazetaesportiva.com\/albertohelena\/wp-json\/wp\/v2\/posts\/13075","targetHints":{"allow":["GET"]}}],"collection":[{"href":"https:\/\/blogs.gazetaesportiva.com\/albertohelena\/wp-json\/wp\/v2\/posts"}],"about":[{"href":"https:\/\/blogs.gazetaesportiva.com\/albertohelena\/wp-json\/wp\/v2\/types\/post"}],"author":[{"embeddable":true,"href":"https:\/\/blogs.gazetaesportiva.com\/albertohelena\/wp-json\/wp\/v2\/users\/46"}],"replies":[{"embeddable":true,"href":"https:\/\/blogs.gazetaesportiva.com\/albertohelena\/wp-json\/wp\/v2\/comments?post=13075"}],"version-history":[{"count":0,"href":"https:\/\/blogs.gazetaesportiva.com\/albertohelena\/wp-json\/wp\/v2\/posts\/13075\/revisions"}],"wp:featuredmedia":[{"embeddable":true,"href":"https:\/\/blogs.gazetaesportiva.com\/albertohelena\/wp-json\/wp\/v2\/media\/13078"}],"wp:attachment":[{"href":"https:\/\/blogs.gazetaesportiva.com\/albertohelena\/wp-json\/wp\/v2\/media?parent=13075"}],"wp:term":[{"taxonomy":"category","embeddable":true,"href":"https:\/\/blogs.gazetaesportiva.com\/albertohelena\/wp-json\/wp\/v2\/categories?post=13075"},{"taxonomy":"post_tag","embeddable":true,"href":"https:\/\/blogs.gazetaesportiva.com\/albertohelena\/wp-json\/wp\/v2\/tags?post=13075"}],"curies":[{"name":"wp","href":"https:\/\/api.w.org\/{rel}","templated":true}]}}