{"id":13072,"date":"2022-02-12T16:42:58","date_gmt":"2022-02-12T19:42:58","guid":{"rendered":"https:\/\/blogs.gazetaesportiva.com\/albertohelena\/?p=13072"},"modified":"2022-02-12T17:08:12","modified_gmt":"2022-02-12T20:08:12","slug":"fica-pra-proxima-sem-retranca","status":"publish","type":"post","link":"https:\/\/blogs.gazetaesportiva.com\/albertohelena\/2022\/02\/12\/fica-pra-proxima-sem-retranca\/","title":{"rendered":"Fica pra pr\u00f3xima, sem retranca"},"content":{"rendered":"<figure id=\"attachment_13074\" aria-describedby=\"caption-attachment-13074\" style=\"width: 1024px\" class=\"wp-caption aligncenter\"><a href=\"https:\/\/blogs.gazetaesportiva.com\/albertohelena\/files\/2022\/02\/000_9ZV8HH.jpg\"><img loading=\"lazy\" decoding=\"async\" data-attachment-id=\"13074\" data-permalink=\"https:\/\/blogs.gazetaesportiva.com\/albertohelena\/2022\/02\/12\/fica-pra-proxima-sem-retranca\/fbl-uae-club-world-cup-palmeiras-chelsea\/\" data-orig-file=\"https:\/\/blogs.gazetaesportiva.com\/albertohelena\/files\/2022\/02\/000_9ZV8HH.jpg\" data-orig-size=\"1024,682\" data-comments-opened=\"1\" data-image-meta=\"{&quot;aperture&quot;:&quot;0&quot;,&quot;credit&quot;:&quot;AFP&quot;,&quot;camera&quot;:&quot;&quot;,&quot;caption&quot;:&quot;Chelsea&#039;s defender Cesar Azpilicueta (R) kisses the winner&#039;s trophy after the 2021 FIFA Club World Cup final football match between Brazil&#039;s Palmeiras and England&#039;s Chelsea at Mohammed Bin Zayed stadium in Abu Dhabi, on February 12, 2022. (Photo by KARIM SAHIB \\\/ AFP)&quot;,&quot;created_timestamp&quot;:&quot;1644694500&quot;,&quot;copyright&quot;:&quot;AFP or Licensors&quot;,&quot;focal_length&quot;:&quot;0&quot;,&quot;iso&quot;:&quot;0&quot;,&quot;shutter_speed&quot;:&quot;0&quot;,&quot;title&quot;:&quot;FBL-UAE-CLUB-WORLD-CUP-PALMEIRAS-CHELSEA&quot;,&quot;orientation&quot;:&quot;0&quot;}\" data-image-title=\"FBL-UAE-CLUB-WORLD-CUP-PALMEIRAS-CHELSEA\" data-image-description=\"\" data-image-caption=\"&lt;p&gt;Foto: KARIM SAHIB \/ AFP&lt;\/p&gt;\n\" data-medium-file=\"https:\/\/blogs.gazetaesportiva.com\/albertohelena\/files\/2022\/02\/000_9ZV8HH-300x200.jpg\" data-large-file=\"https:\/\/blogs.gazetaesportiva.com\/albertohelena\/files\/2022\/02\/000_9ZV8HH-1024x682.jpg\" class=\"size-full wp-image-13074\" src=\"https:\/\/blogs.gazetaesportiva.com\/albertohelena\/files\/2022\/02\/000_9ZV8HH.jpg\" alt=\"\" width=\"1024\" height=\"682\" srcset=\"https:\/\/blogs.gazetaesportiva.com\/albertohelena\/files\/2022\/02\/000_9ZV8HH.jpg 1024w, https:\/\/blogs.gazetaesportiva.com\/albertohelena\/files\/2022\/02\/000_9ZV8HH-300x200.jpg 300w, https:\/\/blogs.gazetaesportiva.com\/albertohelena\/files\/2022\/02\/000_9ZV8HH-768x512.jpg 768w, https:\/\/blogs.gazetaesportiva.com\/albertohelena\/files\/2022\/02\/000_9ZV8HH-120x80.jpg 120w\" sizes=\"auto, (max-width: 1024px) 100vw, 1024px\" \/><\/a><figcaption id=\"caption-attachment-13074\" class=\"wp-caption-text\">Foto: KARIM SAHIB \/ AFP<\/figcaption><\/figure>\n<p>E n\u00e3o foi desta vez. Nem poderia ser, pelo andamento do jogo, em que o Palmeiras portou-se como um Juventus dos tempos de Milton Buzzeto, com oito, quando n\u00e3o nove, jogadores \u00e0 frente de sua \u00e1rea, do in\u00edcio ao fim dos 120 minutos de bola rolando.<\/p>\n<p>O Chelsea, por sua vez, plantou-se no campo advers\u00e1rio, trocou passes, cruzou bolas \u00e0 \u00e1rea e tal e cousa e lousa e maripousa, mas, com exce\u00e7\u00e3o daquela cabe\u00e7ada fatal de Lukaku, no comecinho do segundo tempo regulamentar, raras foram suas chances de gol.<\/p>\n<p>A esperan\u00e7a verde surgiu assim, de repente, aos 19 minutos, quando, numa disputa a\u00e9rea de Tiago Silva, o VAR chamou o juiz que anotou m\u00e3o do zagueiro brasileiro. P\u00eanalti que Veiga converteu com a categoria de sempre.<\/p>\n<p>Quem sabe, n\u00e3o?<\/p>\n<p>Pois \u00e9, como o Verd\u00e3o seguiu estoicamente lutando pra evitar o pior, em vez de se aproveitar do momento singular e partir pra cima do advers\u00e1rio j\u00e1 dando sinais de cansa\u00e7o, o jogo voltou ao ritmo normal, com o Chelsea for\u00e7ando uma brecha decisiva na retranca verde.<\/p>\n<p>E essa s\u00f3 surgiu j\u00e1 ao fim da prorroga\u00e7\u00e3o com o p\u00eanalti de Luan convertido por Havertz: 2 a 1.<\/p>\n<p>Fica para a pr\u00f3xima vez, quando o Verd\u00e3o souber explorar ao m\u00e1ximo a capacidade de seu elenco, praticando um futebol mais destemido e organizado ofensivamente, coisa que o t\u00e9cnico Abel n\u00e3o conseguiu fazer at\u00e9 agora nem por aqui, apesar dos t\u00edtulos\u00a0 conquistados.<\/p>\n","protected":false},"excerpt":{"rendered":"<p>E n\u00e3o foi desta vez. Nem poderia ser, pelo andamento do jogo, em que o Palmeiras portou-se como um Juventus dos tempos de Milton Buzzeto, <a class=\"read-more\" href=\"https:\/\/blogs.gazetaesportiva.com\/albertohelena\/2022\/02\/12\/fica-pra-proxima-sem-retranca\/\">leia mais<\/a><\/p>\n","protected":false},"author":46,"featured_media":13074,"comment_status":"open","ping_status":"open","sticky":false,"template":"","format":"standard","meta":{"_jetpack_newsletter_access":"","_jetpack_dont_email_post_to_subs":false,"_jetpack_newsletter_tier_id":0,"_jetpack_memberships_contains_paywalled_content":false,"_jetpack_memberships_contains_paid_content":false,"footnotes":""},"categories":[11,1],"tags":[],"class_list":["post-13072","post","type-post","status-publish","format-standard","has-post-thumbnail","hentry","category-palmeiras","category-sem-categoria"],"jetpack_featured_media_url":"https:\/\/blogs.gazetaesportiva.com\/albertohelena\/files\/2022\/02\/000_9ZV8HH.jpg","jetpack_sharing_enabled":true,"jetpack_shortlink":"https:\/\/wp.me\/pekB7q-3oQ","_links":{"self":[{"href":"https:\/\/blogs.gazetaesportiva.com\/albertohelena\/wp-json\/wp\/v2\/posts\/13072","targetHints":{"allow":["GET"]}}],"collection":[{"href":"https:\/\/blogs.gazetaesportiva.com\/albertohelena\/wp-json\/wp\/v2\/posts"}],"about":[{"href":"https:\/\/blogs.gazetaesportiva.com\/albertohelena\/wp-json\/wp\/v2\/types\/post"}],"author":[{"embeddable":true,"href":"https:\/\/blogs.gazetaesportiva.com\/albertohelena\/wp-json\/wp\/v2\/users\/46"}],"replies":[{"embeddable":true,"href":"https:\/\/blogs.gazetaesportiva.com\/albertohelena\/wp-json\/wp\/v2\/comments?post=13072"}],"version-history":[{"count":0,"href":"https:\/\/blogs.gazetaesportiva.com\/albertohelena\/wp-json\/wp\/v2\/posts\/13072\/revisions"}],"wp:featuredmedia":[{"embeddable":true,"href":"https:\/\/blogs.gazetaesportiva.com\/albertohelena\/wp-json\/wp\/v2\/media\/13074"}],"wp:attachment":[{"href":"https:\/\/blogs.gazetaesportiva.com\/albertohelena\/wp-json\/wp\/v2\/media?parent=13072"}],"wp:term":[{"taxonomy":"category","embeddable":true,"href":"https:\/\/blogs.gazetaesportiva.com\/albertohelena\/wp-json\/wp\/v2\/categories?post=13072"},{"taxonomy":"post_tag","embeddable":true,"href":"https:\/\/blogs.gazetaesportiva.com\/albertohelena\/wp-json\/wp\/v2\/tags?post=13072"}],"curies":[{"name":"wp","href":"https:\/\/api.w.org\/{rel}","templated":true}]}}