{"id":13069,"date":"2022-02-09T21:33:37","date_gmt":"2022-02-10T00:33:37","guid":{"rendered":"https:\/\/blogs.gazetaesportiva.com\/albertohelena\/?p=13069"},"modified":"2022-02-09T22:15:40","modified_gmt":"2022-02-10T01:15:40","slug":"ate-que-enfim-tricolor","status":"publish","type":"post","link":"https:\/\/blogs.gazetaesportiva.com\/albertohelena\/2022\/02\/09\/ate-que-enfim-tricolor\/","title":{"rendered":"At\u00e9 que enfim, Tricolor"},"content":{"rendered":"<figure id=\"attachment_13071\" aria-describedby=\"caption-attachment-13071\" style=\"width: 1280px\" class=\"wp-caption alignnone\"><a href=\"https:\/\/blogs.gazetaesportiva.com\/albertohelena\/files\/2022\/02\/Marco2.jpg\"><img loading=\"lazy\" decoding=\"async\" data-attachment-id=\"13071\" data-permalink=\"https:\/\/blogs.gazetaesportiva.com\/albertohelena\/2022\/02\/09\/ate-que-enfim-tricolor\/marco2\/\" data-orig-file=\"https:\/\/blogs.gazetaesportiva.com\/albertohelena\/files\/2022\/02\/Marco2.jpg\" data-orig-size=\"1280,868\" data-comments-opened=\"1\" data-image-meta=\"{&quot;aperture&quot;:&quot;0&quot;,&quot;credit&quot;:&quot;&quot;,&quot;camera&quot;:&quot;&quot;,&quot;caption&quot;:&quot;&quot;,&quot;created_timestamp&quot;:&quot;0&quot;,&quot;copyright&quot;:&quot;&quot;,&quot;focal_length&quot;:&quot;0&quot;,&quot;iso&quot;:&quot;0&quot;,&quot;shutter_speed&quot;:&quot;0&quot;,&quot;title&quot;:&quot;&quot;,&quot;orientation&quot;:&quot;0&quot;}\" data-image-title=\"Marco2\" data-image-description=\"\" data-image-caption=\"&lt;p&gt;Marquinhos marcou o gol da vit\u00f3ria do S\u00e3o Paulo (Foto: Divulga\u00e7\u00e3o\/Rubens Chiri)&lt;\/p&gt;\n\" data-medium-file=\"https:\/\/blogs.gazetaesportiva.com\/albertohelena\/files\/2022\/02\/Marco2-300x203.jpg\" data-large-file=\"https:\/\/blogs.gazetaesportiva.com\/albertohelena\/files\/2022\/02\/Marco2-1024x694.jpg\" class=\"size-full wp-image-13071\" src=\"https:\/\/blogs.gazetaesportiva.com\/albertohelena\/files\/2022\/02\/Marco2.jpg\" alt=\"\" width=\"1280\" height=\"868\" srcset=\"https:\/\/blogs.gazetaesportiva.com\/albertohelena\/files\/2022\/02\/Marco2.jpg 1280w, https:\/\/blogs.gazetaesportiva.com\/albertohelena\/files\/2022\/02\/Marco2-300x203.jpg 300w, https:\/\/blogs.gazetaesportiva.com\/albertohelena\/files\/2022\/02\/Marco2-768x521.jpg 768w, https:\/\/blogs.gazetaesportiva.com\/albertohelena\/files\/2022\/02\/Marco2-1024x694.jpg 1024w, https:\/\/blogs.gazetaesportiva.com\/albertohelena\/files\/2022\/02\/Marco2-120x80.jpg 120w\" sizes=\"auto, (max-width: 1280px) 100vw, 1280px\" \/><\/a><figcaption id=\"caption-attachment-13071\" class=\"wp-caption-text\">Marquinhos marcou gol da vit\u00f3ria do S\u00e3o Paulo (Foto: Divulga\u00e7\u00e3o\/Rubens Chiri)<\/figcaption><\/figure>\n<p>Ufa! At\u00e9 que enfim, o Tricolor ganhou uma no Paulistinha.<\/p>\n<p>E, no maior sufoco, pois passou o tempo todo com a bola nos p\u00e9s sem conseguir ao menos coloc\u00e1-la na mira da meta advers\u00e1ria, Isso, no Morumbi, diante do time reserva do Santo Andr\u00e9, imagine!<\/p>\n<p>Era uma sucess\u00e3o de passes err\u00e1ticos, que terminava sempre em chuveirinhos in\u00f3cuos, at\u00e9 que, j\u00e1 nos descontos, Nik\u00e3o lan\u00e7asse Eder na direita, que cruzou rasteiro pra Carelli furar e Marquinhos pegar de canhota um tiro que passou pelo meio do goleiro.<\/p>\n<p>Mais uma vez, com uma s\u00e9rie de mudan\u00e7as na equipe promovidas por Ceni, o Tricolor planta em campo todas as incertezas sobre seu futuro breve, apesar da primeira vit\u00f3ria no Paulistinha.<\/p>\n<p>E at\u00e9 que come\u00e7ou com boas inten\u00e7\u00f5es, marcando l\u00e1 na frente e tentando sufocar o advers\u00e1rio, embora n\u00e3o produzisse chances claras para abrir o placar.\u00a0 Mas, logo refluiu esse \u00edmpeto e caiu no lugar comum das bolas trocadas no meio de campo, em v\u00e3o..<\/p>\n<p>E d\u00e1-lhe chuveirinhos&#8230;<\/p>\n<p>Isso, mais uma vez revela a falta de entrosamento e conceito desse time que altera sua forma\u00e7\u00e3o de jogo pra jogo, como se Rog\u00e9rio Ceni estivesse ainda garimpando os jogadores, quando j\u00e1 deveria ter o time ideal na cabe\u00e7a e tratando de afiar o conjunto, o que daria mais precis\u00e3o e sentido \u00e0 troca de passes.<\/p>\n<p>De qualquer forma, fica evidente que essa legi\u00e3o de contrata\u00e7\u00f5es feitas pelo Tricolor desde a temporada passada, pouco acrescentou ao jogo em equipe. S\u00f3 aumentou os custos de um S\u00e3o Paulo mergulhado na maior crise financeira de sua hist\u00f3ria desde a famigerada compra do Edif\u00edcio Trocadero que resultou no fechamento do clube em meados dos anos 30. reaberto em seguida gra\u00e7as ao apoio financeiro dos seus rivais e do dinheiro arrecadado nas ruas por seus torcedores mais devotos.<\/p>\n<p>Melhor teria sido juntar toda essa dinheirama e investi-la em um ou dois carques realmente capazes de fazer a diferen\u00e7a.<\/p>\n<p>Mas, quem sabe o que se passa por tr\u00e1s das portas dos gabinetes dos cartolas brasileiros?<\/p>\n<p>&nbsp;<\/p>\n<p>&nbsp;<\/p>\n<p>&nbsp;<\/p>\n","protected":false},"excerpt":{"rendered":"<p>Ufa! At\u00e9 que enfim, o Tricolor ganhou uma no Paulistinha. E, no maior sufoco, pois passou o tempo todo com a bola nos p\u00e9s sem <a class=\"read-more\" href=\"https:\/\/blogs.gazetaesportiva.com\/albertohelena\/2022\/02\/09\/ate-que-enfim-tricolor\/\">leia mais<\/a><\/p>\n","protected":false},"author":46,"featured_media":13071,"comment_status":"open","ping_status":"open","sticky":false,"template":"","format":"standard","meta":{"_jetpack_newsletter_access":"","_jetpack_dont_email_post_to_subs":false,"_jetpack_newsletter_tier_id":0,"_jetpack_memberships_contains_paywalled_content":false,"_jetpack_memberships_contains_paid_content":false,"footnotes":""},"categories":[1],"tags":[],"class_list":["post-13069","post","type-post","status-publish","format-standard","has-post-thumbnail","hentry","category-sem-categoria"],"jetpack_featured_media_url":"https:\/\/blogs.gazetaesportiva.com\/albertohelena\/files\/2022\/02\/Marco2.jpg","jetpack_sharing_enabled":true,"jetpack_shortlink":"https:\/\/wp.me\/pekB7q-3oN","_links":{"self":[{"href":"https:\/\/blogs.gazetaesportiva.com\/albertohelena\/wp-json\/wp\/v2\/posts\/13069","targetHints":{"allow":["GET"]}}],"collection":[{"href":"https:\/\/blogs.gazetaesportiva.com\/albertohelena\/wp-json\/wp\/v2\/posts"}],"about":[{"href":"https:\/\/blogs.gazetaesportiva.com\/albertohelena\/wp-json\/wp\/v2\/types\/post"}],"author":[{"embeddable":true,"href":"https:\/\/blogs.gazetaesportiva.com\/albertohelena\/wp-json\/wp\/v2\/users\/46"}],"replies":[{"embeddable":true,"href":"https:\/\/blogs.gazetaesportiva.com\/albertohelena\/wp-json\/wp\/v2\/comments?post=13069"}],"version-history":[{"count":0,"href":"https:\/\/blogs.gazetaesportiva.com\/albertohelena\/wp-json\/wp\/v2\/posts\/13069\/revisions"}],"wp:featuredmedia":[{"embeddable":true,"href":"https:\/\/blogs.gazetaesportiva.com\/albertohelena\/wp-json\/wp\/v2\/media\/13071"}],"wp:attachment":[{"href":"https:\/\/blogs.gazetaesportiva.com\/albertohelena\/wp-json\/wp\/v2\/media?parent=13069"}],"wp:term":[{"taxonomy":"category","embeddable":true,"href":"https:\/\/blogs.gazetaesportiva.com\/albertohelena\/wp-json\/wp\/v2\/categories?post=13069"},{"taxonomy":"post_tag","embeddable":true,"href":"https:\/\/blogs.gazetaesportiva.com\/albertohelena\/wp-json\/wp\/v2\/tags?post=13069"}],"curies":[{"name":"wp","href":"https:\/\/api.w.org\/{rel}","templated":true}]}}