{"id":13062,"date":"2022-02-08T16:01:37","date_gmt":"2022-02-08T19:01:37","guid":{"rendered":"https:\/\/blogs.gazetaesportiva.com\/albertohelena\/?p=13062"},"modified":"2022-02-08T16:56:43","modified_gmt":"2022-02-08T19:56:43","slug":"verdao-sem-aporrinhacao","status":"publish","type":"post","link":"https:\/\/blogs.gazetaesportiva.com\/albertohelena\/2022\/02\/08\/verdao-sem-aporrinhacao\/","title":{"rendered":"Verd\u00e3o, sem aporrinha\u00e7\u00e3o"},"content":{"rendered":"<figure id=\"attachment_13064\" aria-describedby=\"caption-attachment-13064\" style=\"width: 1024px\" class=\"wp-caption alignnone\"><a href=\"https:\/\/blogs.gazetaesportiva.com\/albertohelena\/files\/2022\/02\/51870435414_dab96781c7_b.jpg\"><img loading=\"lazy\" decoding=\"async\" data-attachment-id=\"13064\" data-permalink=\"https:\/\/blogs.gazetaesportiva.com\/albertohelena\/2022\/02\/08\/verdao-sem-aporrinhacao\/51870435414_dab96781c7_b\/\" data-orig-file=\"https:\/\/blogs.gazetaesportiva.com\/albertohelena\/files\/2022\/02\/51870435414_dab96781c7_b.jpg\" data-orig-size=\"1024,576\" data-comments-opened=\"1\" data-image-meta=\"{&quot;aperture&quot;:&quot;0&quot;,&quot;credit&quot;:&quot;&quot;,&quot;camera&quot;:&quot;&quot;,&quot;caption&quot;:&quot;&quot;,&quot;created_timestamp&quot;:&quot;0&quot;,&quot;copyright&quot;:&quot;&quot;,&quot;focal_length&quot;:&quot;0&quot;,&quot;iso&quot;:&quot;0&quot;,&quot;shutter_speed&quot;:&quot;0&quot;,&quot;title&quot;:&quot;&quot;,&quot;orientation&quot;:&quot;0&quot;}\" data-image-title=\"51870435414_dab96781c7_b\" data-image-description=\"\" data-image-caption=\"&lt;p&gt;Palmeiras est\u00e1 na decis\u00e3o do Mundial de Clubes (Foto: Divulga\u00e7\u00e3o\/Fabio Menotti)&lt;\/p&gt;\n\" data-medium-file=\"https:\/\/blogs.gazetaesportiva.com\/albertohelena\/files\/2022\/02\/51870435414_dab96781c7_b-300x169.jpg\" data-large-file=\"https:\/\/blogs.gazetaesportiva.com\/albertohelena\/files\/2022\/02\/51870435414_dab96781c7_b-1024x576.jpg\" class=\"size-full wp-image-13064\" src=\"https:\/\/blogs.gazetaesportiva.com\/albertohelena\/files\/2022\/02\/51870435414_dab96781c7_b.jpg\" alt=\"\" width=\"1024\" height=\"576\" srcset=\"https:\/\/blogs.gazetaesportiva.com\/albertohelena\/files\/2022\/02\/51870435414_dab96781c7_b.jpg 1024w, https:\/\/blogs.gazetaesportiva.com\/albertohelena\/files\/2022\/02\/51870435414_dab96781c7_b-300x169.jpg 300w, https:\/\/blogs.gazetaesportiva.com\/albertohelena\/files\/2022\/02\/51870435414_dab96781c7_b-768x432.jpg 768w\" sizes=\"auto, (max-width: 1024px) 100vw, 1024px\" \/><\/a><figcaption id=\"caption-attachment-13064\" class=\"wp-caption-text\">Palmeiras est\u00e1 na decis\u00e3o do Mundial de Clubes (Foto: Divulga\u00e7\u00e3o\/Fabio Menotti)<\/figcaption><\/figure>\n<p>Desculpem o longo hiato desta <em>Bola Virtual.\u00a0<\/em>Culpa do Hiato, cuja H\u00e9rnia andou aporrinhando o velhote neste in\u00edcio de ano.<\/p>\n<p>Quem, por\u00e9m, n\u00e3o se aporrinhou l\u00e1 nas Ar\u00e1bias foi o Verd\u00e3o, que passou para a final do Mundial de Clubes sem maiores problemas diante do Al Ahli, cantado e decantado em versos por nossa cr\u00f4nica esportiva como um bicho-pap\u00e3o \u00e0 espreita de surpreender o Palmeiras logo de cara.<\/p>\n<p>Nada disso. O Verd\u00e3o, extremamente determinado e c\u00f4nscio do que fazer em campo, anulou as modestas tentativas dos eg\u00edpcios de impor seu pr\u00f3prio jogo, \u00e0 base de contragolpes, e dominou o primeiro tempo, quando abriu a contagem numa sa\u00edda de bola h\u00e1bil de Danilo para Dudu, autor do passe magistral para Veiga tocar \u00e0s redes, aos 39 minutos de bola rolando.<\/p>\n<p>E, logo aos 2 minutos da etapa derradeira, coube a Dudu receber passe de calcanhar de Veiga e finalizar com precis\u00e3o, estabelecendo o placar final: 2 a 0.<\/p>\n<p>A situa\u00e7\u00e3o ficou ainda mais confort\u00e1vel depois da expuls\u00e3o de um assassino (a palavra vem de l\u00e1) que quase ceifa ao meio a perna de Rony, embora o Palmeiras tenha preferido preservar o placar, deixando a bola mais tempo com o advers\u00e1rio, bem ao estilo Abel Ferreira. E as \u00fanicas investidas do inimigo se resumiram \u00e0quela defesa espetacular de Weverton, seguido de bola nas traves verdes, j\u00e1 no finzinho do embate.<\/p>\n<p>Sei n\u00e3o. Pode ser que me engane, mas sinto no ar o perfume de gard\u00eania anunciando um momento \u00e9pico verde.<\/p>\n<p>Vai depender de como se comportar\u00e1 nesta quarta o Chelsea diante do Al Hilal.<\/p>\n<p>&nbsp;<\/p>\n<p>&nbsp;<\/p>\n","protected":false},"excerpt":{"rendered":"<p>Desculpem o longo hiato desta Bola Virtual.\u00a0Culpa do Hiato, cuja H\u00e9rnia andou aporrinhando o velhote neste in\u00edcio de ano. Quem, por\u00e9m, n\u00e3o se aporrinhou l\u00e1 <a class=\"read-more\" href=\"https:\/\/blogs.gazetaesportiva.com\/albertohelena\/2022\/02\/08\/verdao-sem-aporrinhacao\/\">leia mais<\/a><\/p>\n","protected":false},"author":46,"featured_media":13064,"comment_status":"open","ping_status":"open","sticky":false,"template":"","format":"standard","meta":{"_jetpack_newsletter_access":"","_jetpack_dont_email_post_to_subs":false,"_jetpack_newsletter_tier_id":0,"_jetpack_memberships_contains_paywalled_content":false,"_jetpack_memberships_contains_paid_content":false,"footnotes":""},"categories":[1],"tags":[],"class_list":["post-13062","post","type-post","status-publish","format-standard","has-post-thumbnail","hentry","category-sem-categoria"],"jetpack_featured_media_url":"https:\/\/blogs.gazetaesportiva.com\/albertohelena\/files\/2022\/02\/51870435414_dab96781c7_b.jpg","jetpack_sharing_enabled":true,"jetpack_shortlink":"https:\/\/wp.me\/pekB7q-3oG","_links":{"self":[{"href":"https:\/\/blogs.gazetaesportiva.com\/albertohelena\/wp-json\/wp\/v2\/posts\/13062","targetHints":{"allow":["GET"]}}],"collection":[{"href":"https:\/\/blogs.gazetaesportiva.com\/albertohelena\/wp-json\/wp\/v2\/posts"}],"about":[{"href":"https:\/\/blogs.gazetaesportiva.com\/albertohelena\/wp-json\/wp\/v2\/types\/post"}],"author":[{"embeddable":true,"href":"https:\/\/blogs.gazetaesportiva.com\/albertohelena\/wp-json\/wp\/v2\/users\/46"}],"replies":[{"embeddable":true,"href":"https:\/\/blogs.gazetaesportiva.com\/albertohelena\/wp-json\/wp\/v2\/comments?post=13062"}],"version-history":[{"count":0,"href":"https:\/\/blogs.gazetaesportiva.com\/albertohelena\/wp-json\/wp\/v2\/posts\/13062\/revisions"}],"wp:featuredmedia":[{"embeddable":true,"href":"https:\/\/blogs.gazetaesportiva.com\/albertohelena\/wp-json\/wp\/v2\/media\/13064"}],"wp:attachment":[{"href":"https:\/\/blogs.gazetaesportiva.com\/albertohelena\/wp-json\/wp\/v2\/media?parent=13062"}],"wp:term":[{"taxonomy":"category","embeddable":true,"href":"https:\/\/blogs.gazetaesportiva.com\/albertohelena\/wp-json\/wp\/v2\/categories?post=13062"},{"taxonomy":"post_tag","embeddable":true,"href":"https:\/\/blogs.gazetaesportiva.com\/albertohelena\/wp-json\/wp\/v2\/tags?post=13062"}],"curies":[{"name":"wp","href":"https:\/\/api.w.org\/{rel}","templated":true}]}}