{"id":13058,"date":"2021-12-28T12:28:35","date_gmt":"2021-12-28T15:28:35","guid":{"rendered":"https:\/\/blogs.gazetaesportiva.com\/albertohelena\/?p=13058"},"modified":"2021-12-28T12:36:19","modified_gmt":"2021-12-28T15:36:19","slug":"ah-os-treinadores","status":"publish","type":"post","link":"https:\/\/blogs.gazetaesportiva.com\/albertohelena\/2021\/12\/28\/ah-os-treinadores\/","title":{"rendered":"Ah, os treinadores&#8230;"},"content":{"rendered":"<p>O ano vai se encerrando com uma sucess\u00e3o de surpresas \u00e0 beira do campo, onde transitam os treinadores de futebol.<\/p>\n<p>O Flamengo, que vive sob a obsess\u00e3o da volta de Jesus desde sua sa\u00edda inesperada no in\u00edcio do ano, depois de v\u00e1rias tentativas, desiste do portugu\u00eas em favor de outro patr\u00edcio, Paulo Souza, que dirigia a Sele\u00e7\u00e3o da Pol\u00f4nia.<\/p>\n<p>Eis que Jesus fica possesso com essa decis\u00e3o, pois logo em seguida, \u00e0s v\u00e9speras do cl\u00e1ssico decisivo com o Porto, o murruga abandona o Benfica ao l\u00e9u.<\/p>\n<p>Justamente no dia em que o campeon\u00edssimo Cuca se despede do Galo para entrar na hist\u00f3ria do clube mineiro, por raz\u00f5es familiares, justifica-se.<\/p>\n<p>Qual a rela\u00e7\u00e3o entre os dois fatos?<\/p>\n<p>H\u00e1 quem j\u00e1 cogite a possibilidade de o Galo, ent\u00e3o, socorrer-se de Jesus para suprir a aus\u00eancia de Cuca, o que seria inusitado, caso cruze com o Fla (o que \u00e9 muito prov\u00e1vel) nas tantas decis\u00f5es nacionais e continentais em jogo na pr\u00f3xima temporada, o que seria um tormento para a torcida rubro-negra, obcecada pelo jesu\u00edsmo (o sebastianismo caboclo).<\/p>\n<p>Mas, h\u00e1 outro ponto em comum entre as decis\u00f5es de Cuca e de Jesus. Ambos abandonaram seus clubes (Galo e Fla) exatamente no momento mais glorioso das duas agremia\u00e7\u00f5es, em que eles foram figuras centrais.<\/p>\n<p>E ningu\u00e9m me convencer\u00e1 de que n\u00e3o foi justamente por temor de n\u00e3o repetir no ano seguinte as campanhas extraordin\u00e1rias obtidas ent\u00e3o.<\/p>\n<p>\u00c9 diante disso que ainda mais cresce a figura extraordin\u00e1ria de Pep Guardiola, que segue quebrando recordes no City, ano ap\u00f3s anos, mesmo quando essa sucess\u00e3o de \u00eaxitos \u00e9, por vezes, quebrada.<\/p>\n<p>E a quem agrade\u00e7o pelo meu presente de anivers\u00e1rio atrasado, quando ele me ofereceu, neste fim de semana, um dos mais gratos prazeres visuais: aquele primeiro tempo memor\u00e1vel diante do Leicester, na vit\u00f3ria por 6 a 3, um jogo de tirar o f\u00f4lego dos verdadeiros amantes do futebol, n\u00e3o apenas do resultado.<\/p>\n<p>N\u00e3o \u00e9 \u00e0 toa que Guardiola acaba de ocupar o primeiro lugar no ranking dos treinadores mundiais da Fifa, posto, ali\u00e1s, que lhe \u00e9 de direito desde quando se iniciou no Barcelona, passando pelo Bayern.<\/p>\n<p>Pena que os demais treinadores &#8211; os tais &#8220;estudiosos&#8221; &#8211; n\u00e3o sigam seus passos, na busca de um futebol destemido, altamente sofisticado na sua simplicidade, capaz de reunir na medida exata o espet\u00e1culo e o resultado, do in\u00edcio ao fim de qualquer partida. E que, por fim, joga na lata do lixo o paradoxo de quem se disp\u00f5e a atacar passa a ser vulner\u00e1vel na defesa, pois, embora tenha sofrido tr\u00eas gols nesse jogo, \u00e9 a defesa menos vazada do campeonato, al\u00e9m do ataque mais eficiente, mesmo sem ter um goleador em\u00e9rito com a camisa 9 l\u00e1 na frente.<\/p>\n<p>Um prod\u00edgio a ser imitado. Mas, quem tem coragem e discernimento para tanto?<\/p>\n<p>&nbsp;<\/p>\n<p>&nbsp;<\/p>\n<p>&nbsp;<\/p>\n","protected":false},"excerpt":{"rendered":"<p>O ano vai se encerrando com uma sucess\u00e3o de surpresas \u00e0 beira do campo, onde transitam os treinadores de futebol. O Flamengo, que vive sob <a class=\"read-more\" href=\"https:\/\/blogs.gazetaesportiva.com\/albertohelena\/2021\/12\/28\/ah-os-treinadores\/\">leia mais<\/a><\/p>\n","protected":false},"author":46,"featured_media":13060,"comment_status":"open","ping_status":"open","sticky":false,"template":"","format":"standard","meta":{"_jetpack_newsletter_access":"","_jetpack_dont_email_post_to_subs":false,"_jetpack_newsletter_tier_id":0,"_jetpack_memberships_contains_paywalled_content":false,"_jetpack_memberships_contains_paid_content":false,"footnotes":""},"categories":[1],"tags":[],"class_list":["post-13058","post","type-post","status-publish","format-standard","has-post-thumbnail","hentry","category-sem-categoria"],"jetpack_featured_media_url":"https:\/\/blogs.gazetaesportiva.com\/albertohelena\/files\/2021\/12\/cuca_treino_atletico-mg.jpg","jetpack_sharing_enabled":true,"jetpack_shortlink":"https:\/\/wp.me\/pekB7q-3oC","_links":{"self":[{"href":"https:\/\/blogs.gazetaesportiva.com\/albertohelena\/wp-json\/wp\/v2\/posts\/13058","targetHints":{"allow":["GET"]}}],"collection":[{"href":"https:\/\/blogs.gazetaesportiva.com\/albertohelena\/wp-json\/wp\/v2\/posts"}],"about":[{"href":"https:\/\/blogs.gazetaesportiva.com\/albertohelena\/wp-json\/wp\/v2\/types\/post"}],"author":[{"embeddable":true,"href":"https:\/\/blogs.gazetaesportiva.com\/albertohelena\/wp-json\/wp\/v2\/users\/46"}],"replies":[{"embeddable":true,"href":"https:\/\/blogs.gazetaesportiva.com\/albertohelena\/wp-json\/wp\/v2\/comments?post=13058"}],"version-history":[{"count":0,"href":"https:\/\/blogs.gazetaesportiva.com\/albertohelena\/wp-json\/wp\/v2\/posts\/13058\/revisions"}],"wp:featuredmedia":[{"embeddable":true,"href":"https:\/\/blogs.gazetaesportiva.com\/albertohelena\/wp-json\/wp\/v2\/media\/13060"}],"wp:attachment":[{"href":"https:\/\/blogs.gazetaesportiva.com\/albertohelena\/wp-json\/wp\/v2\/media?parent=13058"}],"wp:term":[{"taxonomy":"category","embeddable":true,"href":"https:\/\/blogs.gazetaesportiva.com\/albertohelena\/wp-json\/wp\/v2\/categories?post=13058"},{"taxonomy":"post_tag","embeddable":true,"href":"https:\/\/blogs.gazetaesportiva.com\/albertohelena\/wp-json\/wp\/v2\/tags?post=13058"}],"curies":[{"name":"wp","href":"https:\/\/api.w.org\/{rel}","templated":true}]}}