{"id":13052,"date":"2021-12-16T00:06:27","date_gmt":"2021-12-16T03:06:27","guid":{"rendered":"https:\/\/blogs.gazetaesportiva.com\/albertohelena\/?p=13052"},"modified":"2021-12-16T00:22:51","modified_gmt":"2021-12-16T03:22:51","slug":"galo-exemplar-campeao","status":"publish","type":"post","link":"https:\/\/blogs.gazetaesportiva.com\/albertohelena\/2021\/12\/16\/galo-exemplar-campeao\/","title":{"rendered":"Galo, exemplar campe\u00e3o"},"content":{"rendered":"<figure id=\"attachment_13053\" aria-describedby=\"caption-attachment-13053\" style=\"width: 800px\" class=\"wp-caption aligncenter\"><a href=\"https:\/\/blogs.gazetaesportiva.com\/albertohelena\/files\/2021\/12\/51749729918_d1109643ca_c.jpg\"><img loading=\"lazy\" decoding=\"async\" data-attachment-id=\"13053\" data-permalink=\"https:\/\/blogs.gazetaesportiva.com\/albertohelena\/2021\/12\/16\/galo-exemplar-campeao\/51749729918_d1109643ca_c\/\" data-orig-file=\"https:\/\/blogs.gazetaesportiva.com\/albertohelena\/files\/2021\/12\/51749729918_d1109643ca_c.jpg\" data-orig-size=\"800,533\" data-comments-opened=\"1\" data-image-meta=\"{&quot;aperture&quot;:&quot;0&quot;,&quot;credit&quot;:&quot;Pedro Souza&quot;,&quot;camera&quot;:&quot;&quot;,&quot;caption&quot;:&quot;&quot;,&quot;created_timestamp&quot;:&quot;0&quot;,&quot;copyright&quot;:&quot;Pedro Souza \\\/ Atl\\u00e9tico&quot;,&quot;focal_length&quot;:&quot;0&quot;,&quot;iso&quot;:&quot;0&quot;,&quot;shutter_speed&quot;:&quot;0&quot;,&quot;title&quot;:&quot;&quot;,&quot;orientation&quot;:&quot;0&quot;}\" data-image-title=\"51749729918_d1109643ca_c\" data-image-description=\"\" data-image-caption=\"&lt;p&gt;Foto: Divulga\u00e7\u00e3o&lt;\/p&gt;\n\" data-medium-file=\"https:\/\/blogs.gazetaesportiva.com\/albertohelena\/files\/2021\/12\/51749729918_d1109643ca_c-300x200.jpg\" data-large-file=\"https:\/\/blogs.gazetaesportiva.com\/albertohelena\/files\/2021\/12\/51749729918_d1109643ca_c.jpg\" class=\"size-full wp-image-13053\" src=\"https:\/\/blogs.gazetaesportiva.com\/albertohelena\/files\/2021\/12\/51749729918_d1109643ca_c.jpg\" alt=\"\" width=\"800\" height=\"533\" srcset=\"https:\/\/blogs.gazetaesportiva.com\/albertohelena\/files\/2021\/12\/51749729918_d1109643ca_c.jpg 800w, https:\/\/blogs.gazetaesportiva.com\/albertohelena\/files\/2021\/12\/51749729918_d1109643ca_c-300x200.jpg 300w, https:\/\/blogs.gazetaesportiva.com\/albertohelena\/files\/2021\/12\/51749729918_d1109643ca_c-768x512.jpg 768w, https:\/\/blogs.gazetaesportiva.com\/albertohelena\/files\/2021\/12\/51749729918_d1109643ca_c-120x80.jpg 120w\" sizes=\"auto, (max-width: 800px) 100vw, 800px\" \/><\/a><figcaption id=\"caption-attachment-13053\" class=\"wp-caption-text\">Foto: Divulga\u00e7\u00e3o<\/figcaption><\/figure>\n<p>O Galo apenas confirmou na Baixada a enorme vantagem obtida no jogo de ida, no Mineir\u00e3o: 6 a 1 no agregado e mais um t\u00edtulo importante &#8211; a Copa do Brasil &#8211; na galeria do terreiro hist\u00f3rico.<\/p>\n<p>E n\u00e3o por acaso os autores dos gols atleticanos foram Hulk e Keno, os dois atacantes que fizeram a diferen\u00e7a para seu time nesta temporada gloriosa.<\/p>\n<p>Keno abriu\u00a0 contagem aos 25 minutos de jogo, num contragolpe de r\u00e1pida troca de bolas entre Vargas e Zaracho, culminando com finaliza\u00e7\u00e3o exata do ponta-esquerda. E, Hulk, numa cavadinha que lhe \u00e9 proverbial, fruto de\u00a0 sa\u00edda trabalhada de bola a partir do corte de Arana l\u00e1 atr\u00e1s.<\/p>\n<p>Dois contra-ataques que, somados a mais uns quatro no mesmo estilo, poderiam elevar o placar ao n\u00edvel do obtido no jogo de ida.<\/p>\n<p>Isso porque o Galo, em Curitiba, mudou o bra\u00e7o da viola, e preferiu contrariar seu estilo habitual, mais ofensivo, por uma longa espera l\u00e1 atr\u00e1s, a fim de minar as for\u00e7as an\u00edmicas do advers\u00e1rio, impulsionadas pela delirante torcida do Furac\u00e3o que incentivou bravamente seu time derrotado, do in\u00edcio ao fim.<\/p>\n<p>Esse comportamento alternativo do Galo, por\u00e9m, aumenta ainda mais a capacidade de adapta\u00e7\u00e3o do time \u00e0s circunst\u00e2ncias de cada jogo, sem, contudo, abandonar seus princ\u00edpios b\u00e1sicos: o claro esquema do 4-3-3, com dois volantes de alta t\u00e9cnica que viram meias como se estivessem tomando um copo d&#8217;\u00e1gua no parque em fim de tarde ameno, um meia de arma\u00e7\u00e3o e chegada e tr\u00eas atacantes velozes, h\u00e1beis e bons finalizadores.<\/p>\n<p>Prova cabal de que voc\u00ea n\u00e3o precisa rechear seu meio de campo de volantes essencialmente marcadores, tampouco recorrer ao velho recurso dos tr\u00eas zagueiros de fato, hoje retirado do mofo com ares de &#8220;modernidade&#8221; por parte dos incautos.<\/p>\n<p>E tudo isso se deve, basicamente, ao t\u00e9cnico Cuca, experiente, vitorioso e pouco badalado, \u00e0 sombra de tantos outros estrangeiros e nativos a quem nossos bravos comentaristas estendem um tapete vermelho gravado por uma sucess\u00e3o de n\u00fameros quebrados, como se futebol de campo fosse pebolim ou game de computador.<\/p>\n<p>Uma li\u00e7\u00e3o de simplicidade inteligente de Cuca, dono de arguto olhar para os detalhes do jogo e da sutil capacidade de escolher o homem certo para o lugar certo.<\/p>\n<p>&nbsp;<\/p>\n","protected":false},"excerpt":{"rendered":"<p>O Galo apenas confirmou na Baixada a enorme vantagem obtida no jogo de ida, no Mineir\u00e3o: 6 a 1 no agregado e mais um t\u00edtulo <a class=\"read-more\" href=\"https:\/\/blogs.gazetaesportiva.com\/albertohelena\/2021\/12\/16\/galo-exemplar-campeao\/\">leia mais<\/a><\/p>\n","protected":false},"author":46,"featured_media":13053,"comment_status":"open","ping_status":"open","sticky":false,"template":"","format":"standard","meta":{"_jetpack_newsletter_access":"","_jetpack_dont_email_post_to_subs":false,"_jetpack_newsletter_tier_id":0,"_jetpack_memberships_contains_paywalled_content":false,"_jetpack_memberships_contains_paid_content":false,"footnotes":""},"categories":[1],"tags":[],"class_list":["post-13052","post","type-post","status-publish","format-standard","has-post-thumbnail","hentry","category-sem-categoria"],"jetpack_featured_media_url":"https:\/\/blogs.gazetaesportiva.com\/albertohelena\/files\/2021\/12\/51749729918_d1109643ca_c.jpg","jetpack_sharing_enabled":true,"jetpack_shortlink":"https:\/\/wp.me\/pekB7q-3ow","_links":{"self":[{"href":"https:\/\/blogs.gazetaesportiva.com\/albertohelena\/wp-json\/wp\/v2\/posts\/13052","targetHints":{"allow":["GET"]}}],"collection":[{"href":"https:\/\/blogs.gazetaesportiva.com\/albertohelena\/wp-json\/wp\/v2\/posts"}],"about":[{"href":"https:\/\/blogs.gazetaesportiva.com\/albertohelena\/wp-json\/wp\/v2\/types\/post"}],"author":[{"embeddable":true,"href":"https:\/\/blogs.gazetaesportiva.com\/albertohelena\/wp-json\/wp\/v2\/users\/46"}],"replies":[{"embeddable":true,"href":"https:\/\/blogs.gazetaesportiva.com\/albertohelena\/wp-json\/wp\/v2\/comments?post=13052"}],"version-history":[{"count":0,"href":"https:\/\/blogs.gazetaesportiva.com\/albertohelena\/wp-json\/wp\/v2\/posts\/13052\/revisions"}],"wp:featuredmedia":[{"embeddable":true,"href":"https:\/\/blogs.gazetaesportiva.com\/albertohelena\/wp-json\/wp\/v2\/media\/13053"}],"wp:attachment":[{"href":"https:\/\/blogs.gazetaesportiva.com\/albertohelena\/wp-json\/wp\/v2\/media?parent=13052"}],"wp:term":[{"taxonomy":"category","embeddable":true,"href":"https:\/\/blogs.gazetaesportiva.com\/albertohelena\/wp-json\/wp\/v2\/categories?post=13052"},{"taxonomy":"post_tag","embeddable":true,"href":"https:\/\/blogs.gazetaesportiva.com\/albertohelena\/wp-json\/wp\/v2\/tags?post=13052"}],"curies":[{"name":"wp","href":"https:\/\/api.w.org\/{rel}","templated":true}]}}