{"id":13049,"date":"2021-12-12T20:05:45","date_gmt":"2021-12-12T23:05:45","guid":{"rendered":"https:\/\/blogs.gazetaesportiva.com\/albertohelena\/?p=13049"},"modified":"2021-12-12T21:22:38","modified_gmt":"2021-12-13T00:22:38","slug":"cuca-e-o-equilibrio","status":"publish","type":"post","link":"https:\/\/blogs.gazetaesportiva.com\/albertohelena\/2021\/12\/12\/cuca-e-o-equilibrio\/","title":{"rendered":"Cuca e o equil\u00edbrio"},"content":{"rendered":"<figure id=\"attachment_13051\" aria-describedby=\"caption-attachment-13051\" style=\"width: 2047px\" class=\"wp-caption aligncenter\"><a href=\"https:\/\/blogs.gazetaesportiva.com\/albertohelena\/files\/2021\/12\/51743212970_72c71d19bf_k.jpg\"><img loading=\"lazy\" decoding=\"async\" data-attachment-id=\"13051\" data-permalink=\"https:\/\/blogs.gazetaesportiva.com\/albertohelena\/2021\/12\/12\/cuca-e-o-equilibrio\/51743212970_72c71d19bf_k\/\" data-orig-file=\"https:\/\/blogs.gazetaesportiva.com\/albertohelena\/files\/2021\/12\/51743212970_72c71d19bf_k.jpg\" data-orig-size=\"2047,1365\" data-comments-opened=\"1\" data-image-meta=\"{&quot;aperture&quot;:&quot;0&quot;,&quot;credit&quot;:&quot;Pedro Souza\\\/Atletico&quot;,&quot;camera&quot;:&quot;&quot;,&quot;caption&quot;:&quot;&quot;,&quot;created_timestamp&quot;:&quot;0&quot;,&quot;copyright&quot;:&quot;Clube Atletico Mineiro&quot;,&quot;focal_length&quot;:&quot;0&quot;,&quot;iso&quot;:&quot;0&quot;,&quot;shutter_speed&quot;:&quot;0&quot;,&quot;title&quot;:&quot;&quot;,&quot;orientation&quot;:&quot;0&quot;}\" data-image-title=\"51743212970_72c71d19bf_k\" data-image-description=\"\" data-image-caption=\"&lt;p&gt;FOTO: PEDRO SOUZA \/ ATL\u00c9TICO&lt;\/p&gt;\n\" data-medium-file=\"https:\/\/blogs.gazetaesportiva.com\/albertohelena\/files\/2021\/12\/51743212970_72c71d19bf_k-300x200.jpg\" data-large-file=\"https:\/\/blogs.gazetaesportiva.com\/albertohelena\/files\/2021\/12\/51743212970_72c71d19bf_k-1024x683.jpg\" class=\"size-full wp-image-13051\" src=\"https:\/\/blogs.gazetaesportiva.com\/albertohelena\/files\/2021\/12\/51743212970_72c71d19bf_k.jpg\" alt=\"\" width=\"2047\" height=\"1365\" srcset=\"https:\/\/blogs.gazetaesportiva.com\/albertohelena\/files\/2021\/12\/51743212970_72c71d19bf_k.jpg 2047w, https:\/\/blogs.gazetaesportiva.com\/albertohelena\/files\/2021\/12\/51743212970_72c71d19bf_k-300x200.jpg 300w, https:\/\/blogs.gazetaesportiva.com\/albertohelena\/files\/2021\/12\/51743212970_72c71d19bf_k-768x512.jpg 768w, https:\/\/blogs.gazetaesportiva.com\/albertohelena\/files\/2021\/12\/51743212970_72c71d19bf_k-1024x683.jpg 1024w, https:\/\/blogs.gazetaesportiva.com\/albertohelena\/files\/2021\/12\/51743212970_72c71d19bf_k-120x80.jpg 120w\" sizes=\"auto, (max-width: 2047px) 100vw, 2047px\" \/><\/a><figcaption id=\"caption-attachment-13051\" class=\"wp-caption-text\">FOTO: PEDRO SOUZA \/ ATL\u00c9TICO<\/figcaption><\/figure>\n<p>Nas \u00faltimas d\u00e9cadas, nossos treinadores v\u00eam caminhando apoiados numa muleta sem\u00e2ntica: equil\u00edbrio. \u00c9 o que dizem buscar num time de futebol, embora, de fato, promovam o mais abjeto desequil\u00edbrio, priorizando demais a defesa enquanto desidratam o ataque,<\/p>\n<p>Se o amigo prestar bem aten\u00e7\u00e3o ver\u00e1 que s\u00e3o, em geral, sete jogadores aqui atr\u00e1s e apenas tr\u00eas mais \u00e0 frente\u00a0 Isso faz com que a bola fique longe demais da zona de perigo no campo inimigo, o que aumenta a imprecis\u00e3o no passe e, consequentemente, as condi\u00e7\u00f5es b\u00e1sicas para se criar situa\u00e7\u00f5es de gol.<\/p>\n<p>Cuca \u00e9 um dos raros t\u00e9cnicos que buscam de fato &#8211; e\u00a0 obt\u00eam &#8211; esse equil\u00edbrio, t\u00e3o bem expresso na goleada por 4 a 0 que o Galo impingiu neste domingo no Furac\u00e3o, campe\u00e3o da Copa Sul-Americana, pela Copa do Brasil.<\/p>\n<p>O placar foi de 4 a 0,. dois de Vargas um de Hulk, de p\u00eanalti, e outro de Keno. Com exce\u00e7\u00e3o do p\u00eanalti, os demais foram fruto de jogadas trabalhadas desde o meio de campo onde reina essa dupla de volantes com fortes tra\u00e7os de meias &#8211; Allan e Jair.<\/p>\n<p>Ao mesmo tempo, o Galo ostenta a defesa menos vazada da temporada, mesmo com os inevit\u00e1veis revezamentos impostos por esse calend\u00e1rio insano que os cartolas sem miolos nos imp\u00f5em, ano ap\u00f3s ano, com pandemia ou sem pandemia.<\/p>\n<p>E n\u00e3o vejo, nem ou\u00e7o, ningu\u00e9m dizer que Cuca \u00e9 estudioso, adepto do tal futebol moderno cheio de inven\u00e7\u00f5es antigas e tal e cousa e lousa e maripousa.<\/p>\n<p>Nada disso. \u00c9 simplesmente um refinado observador do jogo da bola, capaz de l\u00e1 na beira do campo, agachado, ir ponteando os movimentos dos jogadores \u00e0 procura de eventuais pontos fracos do advers\u00e1rio e de seu time.<\/p>\n<p>E assim vai mantendo o equil\u00edbrio de seu time, sem estardalha\u00e7o ou ret\u00f3rica rebuscada. Apenas vendo o \u00f3bvio.<\/p>\n<p>&nbsp;<\/p>\n","protected":false},"excerpt":{"rendered":"<p>Nas \u00faltimas d\u00e9cadas, nossos treinadores v\u00eam caminhando apoiados numa muleta sem\u00e2ntica: equil\u00edbrio. \u00c9 o que dizem buscar num time de futebol, embora, de fato, promovam <a class=\"read-more\" href=\"https:\/\/blogs.gazetaesportiva.com\/albertohelena\/2021\/12\/12\/cuca-e-o-equilibrio\/\">leia mais<\/a><\/p>\n","protected":false},"author":46,"featured_media":13051,"comment_status":"open","ping_status":"open","sticky":false,"template":"","format":"standard","meta":{"_jetpack_newsletter_access":"","_jetpack_dont_email_post_to_subs":false,"_jetpack_newsletter_tier_id":0,"_jetpack_memberships_contains_paywalled_content":false,"_jetpack_memberships_contains_paid_content":false,"footnotes":""},"categories":[1],"tags":[],"class_list":["post-13049","post","type-post","status-publish","format-standard","has-post-thumbnail","hentry","category-sem-categoria"],"jetpack_featured_media_url":"https:\/\/blogs.gazetaesportiva.com\/albertohelena\/files\/2021\/12\/51743212970_72c71d19bf_k.jpg","jetpack_sharing_enabled":true,"jetpack_shortlink":"https:\/\/wp.me\/pekB7q-3ot","_links":{"self":[{"href":"https:\/\/blogs.gazetaesportiva.com\/albertohelena\/wp-json\/wp\/v2\/posts\/13049","targetHints":{"allow":["GET"]}}],"collection":[{"href":"https:\/\/blogs.gazetaesportiva.com\/albertohelena\/wp-json\/wp\/v2\/posts"}],"about":[{"href":"https:\/\/blogs.gazetaesportiva.com\/albertohelena\/wp-json\/wp\/v2\/types\/post"}],"author":[{"embeddable":true,"href":"https:\/\/blogs.gazetaesportiva.com\/albertohelena\/wp-json\/wp\/v2\/users\/46"}],"replies":[{"embeddable":true,"href":"https:\/\/blogs.gazetaesportiva.com\/albertohelena\/wp-json\/wp\/v2\/comments?post=13049"}],"version-history":[{"count":0,"href":"https:\/\/blogs.gazetaesportiva.com\/albertohelena\/wp-json\/wp\/v2\/posts\/13049\/revisions"}],"wp:featuredmedia":[{"embeddable":true,"href":"https:\/\/blogs.gazetaesportiva.com\/albertohelena\/wp-json\/wp\/v2\/media\/13051"}],"wp:attachment":[{"href":"https:\/\/blogs.gazetaesportiva.com\/albertohelena\/wp-json\/wp\/v2\/media?parent=13049"}],"wp:term":[{"taxonomy":"category","embeddable":true,"href":"https:\/\/blogs.gazetaesportiva.com\/albertohelena\/wp-json\/wp\/v2\/categories?post=13049"},{"taxonomy":"post_tag","embeddable":true,"href":"https:\/\/blogs.gazetaesportiva.com\/albertohelena\/wp-json\/wp\/v2\/tags?post=13049"}],"curies":[{"name":"wp","href":"https:\/\/api.w.org\/{rel}","templated":true}]}}