{"id":13047,"date":"2021-12-10T00:02:34","date_gmt":"2021-12-10T03:02:34","guid":{"rendered":"https:\/\/blogs.gazetaesportiva.com\/albertohelena\/?p=13047"},"modified":"2021-12-10T00:22:19","modified_gmt":"2021-12-10T03:22:19","slug":"e-ceni-repetiu-o-erro-sinal-de","status":"publish","type":"post","link":"https:\/\/blogs.gazetaesportiva.com\/albertohelena\/2021\/12\/10\/e-ceni-repetiu-o-erro-sinal-de\/","title":{"rendered":"E Ceni repetiu o  erro. Sinal de&#8230;"},"content":{"rendered":"<figure id=\"attachment_13048\" aria-describedby=\"caption-attachment-13048\" style=\"width: 800px\" class=\"wp-caption aligncenter\"><a href=\"https:\/\/blogs.gazetaesportiva.com\/albertohelena\/files\/2021\/12\/Ceni.jpg\"><img loading=\"lazy\" decoding=\"async\" data-attachment-id=\"13048\" data-permalink=\"https:\/\/blogs.gazetaesportiva.com\/albertohelena\/2021\/12\/10\/e-ceni-repetiu-o-erro-sinal-de\/ceni-3\/\" data-orig-file=\"https:\/\/blogs.gazetaesportiva.com\/albertohelena\/files\/2021\/12\/Ceni.jpg\" data-orig-size=\"800,515\" data-comments-opened=\"1\" data-image-meta=\"{&quot;aperture&quot;:&quot;0&quot;,&quot;credit&quot;:&quot;&quot;,&quot;camera&quot;:&quot;&quot;,&quot;caption&quot;:&quot;&quot;,&quot;created_timestamp&quot;:&quot;0&quot;,&quot;copyright&quot;:&quot;&quot;,&quot;focal_length&quot;:&quot;0&quot;,&quot;iso&quot;:&quot;0&quot;,&quot;shutter_speed&quot;:&quot;0&quot;,&quot;title&quot;:&quot;&quot;,&quot;orientation&quot;:&quot;0&quot;}\" data-image-title=\"Ceni\" data-image-description=\"\" data-image-caption=\"&lt;p&gt;Ceni comanda time em Belo Horizonte (Foto: Divulga\u00e7\u00e3o\/Rubens Chiri)&lt;\/p&gt;\n\" data-medium-file=\"https:\/\/blogs.gazetaesportiva.com\/albertohelena\/files\/2021\/12\/Ceni-300x193.jpg\" data-large-file=\"https:\/\/blogs.gazetaesportiva.com\/albertohelena\/files\/2021\/12\/Ceni.jpg\" class=\"size-full wp-image-13048\" src=\"https:\/\/blogs.gazetaesportiva.com\/albertohelena\/files\/2021\/12\/Ceni.jpg\" alt=\"\" width=\"800\" height=\"515\" srcset=\"https:\/\/blogs.gazetaesportiva.com\/albertohelena\/files\/2021\/12\/Ceni.jpg 800w, https:\/\/blogs.gazetaesportiva.com\/albertohelena\/files\/2021\/12\/Ceni-300x193.jpg 300w, https:\/\/blogs.gazetaesportiva.com\/albertohelena\/files\/2021\/12\/Ceni-768x494.jpg 768w\" sizes=\"auto, (max-width: 800px) 100vw, 800px\" \/><\/a><figcaption id=\"caption-attachment-13048\" class=\"wp-caption-text\">Ceni comanda time em Belo Horizonte (Foto: Divulga\u00e7\u00e3o\/Rubens Chiri)<\/figcaption><\/figure>\n<p>Errar \u00e9 humano; mas, insistir no erro \u00e9 sinal de burrice &#8211; j\u00e1 dizia minha tatarav\u00f3.<\/p>\n<p>\u00c9 o caso escancarado do S\u00e3o Paulo de Crespo a Rog\u00e9rio neste Brasileir\u00e3o. Insistindo no erro, Crespo levou o Tricolor \u00e0 beira do abismo. E Rog\u00e9rio, sempre que se livrou dessa maldi\u00e7\u00e3o dos tr\u00eas beques, levou o time \u00e0 beira de uma vaga na Libertadores, caminhada retardada toda a vez em que o t\u00e9cnico recorreu a esse esquema furado.<\/p>\n<p>Como nesta noite de quinta-feira, quando foi ao Independ\u00eancia enfrentar o Am\u00e9rica, no \u00faltimo cap\u00edtulo do Brasileir\u00e3o, com chances de obter a vaga na Libertadores t\u00e3o desejada. Eis, por\u00e9m, que deu aquele passo pra tr\u00e1s e acabou levando de 2 a 0, dois gols de Ademir no segundo tempo, placar, ali\u00e1s, que representou bem a superioridade mineira ao longo da partida, justamente em fun\u00e7\u00e3o da retranca inconceb\u00edvel montada por Rog\u00e9rio num jogo em que s\u00f3 a vit\u00f3ria interessava.<\/p>\n<p>\u00c9 verdade que o Tricolor jogou desfalcado de v\u00e1rios titulares, ou quase, como Miranda, Arboleda, Sara, Liziero, Nestor e Luciano. Mas, que diabo!, mesmo com os jogadores dispon\u00edveis dava para o S\u00e3o Paulo encerrar sua participa\u00e7\u00e3o desastrosa no Brasileir\u00e3o de forma mais digna, tentando ao menos jogar bola.<\/p>\n<p>Bem que, depois de tomar o segundo gol, Rog\u00e9rio desfez o malfeito. Mas, a\u00ed, j\u00e1 era tarde pra ajustar aquela equipe t\u00e3o desconjuntada e abalada emocionalmente.<\/p>\n<p>O consolo &#8211; se \u00e9 que isso seja um consolo &#8211; foi que outros grand\u00f5es brasileiros, como o Corinthians, o Flamengo e at\u00e9 o campe\u00e3o Galo, perderam seus respectivos jogos.<\/p>\n<p>A grande exce\u00e7\u00e3o foi o juvenil do Palmeiras que encerrou vitoriosamente sua participa\u00e7\u00e3o no torneio, o que \u00e9 muito auspicioso para o Verd\u00e3o da pr\u00f3xima temporada, que, se n\u00e3o aproveitar essa garotada no time titular, j\u00e1 t\u00e3o qualificado, poder\u00e1 fazer uma graninha extra ao exportar alguns deles. Nada mal.<\/p>\n<p>&nbsp;<\/p>\n","protected":false},"excerpt":{"rendered":"<p>Errar \u00e9 humano; mas, insistir no erro \u00e9 sinal de burrice &#8211; j\u00e1 dizia minha tatarav\u00f3. \u00c9 o caso escancarado do S\u00e3o Paulo de Crespo <a class=\"read-more\" href=\"https:\/\/blogs.gazetaesportiva.com\/albertohelena\/2021\/12\/10\/e-ceni-repetiu-o-erro-sinal-de\/\">leia mais<\/a><\/p>\n","protected":false},"author":46,"featured_media":13048,"comment_status":"open","ping_status":"open","sticky":false,"template":"","format":"standard","meta":{"_jetpack_newsletter_access":"","_jetpack_dont_email_post_to_subs":false,"_jetpack_newsletter_tier_id":0,"_jetpack_memberships_contains_paywalled_content":false,"_jetpack_memberships_contains_paid_content":false,"footnotes":""},"categories":[1],"tags":[],"class_list":["post-13047","post","type-post","status-publish","format-standard","has-post-thumbnail","hentry","category-sem-categoria"],"jetpack_featured_media_url":"https:\/\/blogs.gazetaesportiva.com\/albertohelena\/files\/2021\/12\/Ceni.jpg","jetpack_sharing_enabled":true,"jetpack_shortlink":"https:\/\/wp.me\/pekB7q-3or","_links":{"self":[{"href":"https:\/\/blogs.gazetaesportiva.com\/albertohelena\/wp-json\/wp\/v2\/posts\/13047","targetHints":{"allow":["GET"]}}],"collection":[{"href":"https:\/\/blogs.gazetaesportiva.com\/albertohelena\/wp-json\/wp\/v2\/posts"}],"about":[{"href":"https:\/\/blogs.gazetaesportiva.com\/albertohelena\/wp-json\/wp\/v2\/types\/post"}],"author":[{"embeddable":true,"href":"https:\/\/blogs.gazetaesportiva.com\/albertohelena\/wp-json\/wp\/v2\/users\/46"}],"replies":[{"embeddable":true,"href":"https:\/\/blogs.gazetaesportiva.com\/albertohelena\/wp-json\/wp\/v2\/comments?post=13047"}],"version-history":[{"count":0,"href":"https:\/\/blogs.gazetaesportiva.com\/albertohelena\/wp-json\/wp\/v2\/posts\/13047\/revisions"}],"wp:featuredmedia":[{"embeddable":true,"href":"https:\/\/blogs.gazetaesportiva.com\/albertohelena\/wp-json\/wp\/v2\/media\/13048"}],"wp:attachment":[{"href":"https:\/\/blogs.gazetaesportiva.com\/albertohelena\/wp-json\/wp\/v2\/media?parent=13047"}],"wp:term":[{"taxonomy":"category","embeddable":true,"href":"https:\/\/blogs.gazetaesportiva.com\/albertohelena\/wp-json\/wp\/v2\/categories?post=13047"},{"taxonomy":"post_tag","embeddable":true,"href":"https:\/\/blogs.gazetaesportiva.com\/albertohelena\/wp-json\/wp\/v2\/tags?post=13047"}],"curies":[{"name":"wp","href":"https:\/\/api.w.org\/{rel}","templated":true}]}}