{"id":13044,"date":"2021-12-06T22:39:18","date_gmt":"2021-12-07T01:39:18","guid":{"rendered":"https:\/\/blogs.gazetaesportiva.com\/albertohelena\/?p=13044"},"modified":"2021-12-06T22:52:10","modified_gmt":"2021-12-07T01:52:10","slug":"verdao-verdissimo-e-o-peixe-escapa-da-isca","status":"publish","type":"post","link":"https:\/\/blogs.gazetaesportiva.com\/albertohelena\/2021\/12\/06\/verdao-verdissimo-e-o-peixe-escapa-da-isca\/","title":{"rendered":"Verd\u00e3o, verd\u00edssimo. E o Peixe escapa da isca"},"content":{"rendered":"<figure id=\"attachment_13046\" aria-describedby=\"caption-attachment-13046\" style=\"width: 1599px\" class=\"wp-caption aligncenter\"><a href=\"https:\/\/blogs.gazetaesportiva.com\/albertohelena\/files\/2021\/12\/51730013391_42723be238_h.jpg\"><img loading=\"lazy\" decoding=\"async\" data-attachment-id=\"13046\" data-permalink=\"https:\/\/blogs.gazetaesportiva.com\/albertohelena\/2021\/12\/06\/verdao-verdissimo-e-o-peixe-escapa-da-isca\/51730013391_42723be238_h\/\" data-orig-file=\"https:\/\/blogs.gazetaesportiva.com\/albertohelena\/files\/2021\/12\/51730013391_42723be238_h.jpg\" data-orig-size=\"1599,1066\" data-comments-opened=\"1\" data-image-meta=\"{&quot;aperture&quot;:&quot;0&quot;,&quot;credit&quot;:&quot;&quot;,&quot;camera&quot;:&quot;&quot;,&quot;caption&quot;:&quot;&quot;,&quot;created_timestamp&quot;:&quot;0&quot;,&quot;copyright&quot;:&quot;&quot;,&quot;focal_length&quot;:&quot;0&quot;,&quot;iso&quot;:&quot;0&quot;,&quot;shutter_speed&quot;:&quot;0&quot;,&quot;title&quot;:&quot;&quot;,&quot;orientation&quot;:&quot;0&quot;}\" data-image-title=\"51730013391_42723be238_h\" data-image-description=\"\" data-image-caption=\"&lt;p&gt;Santos triunfou no Maracan\u00e3 (Foto: Divulga\u00e7\u00e3o\/Ivan Storti)&lt;\/p&gt;\n\" data-medium-file=\"https:\/\/blogs.gazetaesportiva.com\/albertohelena\/files\/2021\/12\/51730013391_42723be238_h-300x200.jpg\" data-large-file=\"https:\/\/blogs.gazetaesportiva.com\/albertohelena\/files\/2021\/12\/51730013391_42723be238_h-1024x683.jpg\" class=\"size-full wp-image-13046\" src=\"https:\/\/blogs.gazetaesportiva.com\/albertohelena\/files\/2021\/12\/51730013391_42723be238_h.jpg\" alt=\"\" width=\"1599\" height=\"1066\" srcset=\"https:\/\/blogs.gazetaesportiva.com\/albertohelena\/files\/2021\/12\/51730013391_42723be238_h.jpg 1599w, https:\/\/blogs.gazetaesportiva.com\/albertohelena\/files\/2021\/12\/51730013391_42723be238_h-300x200.jpg 300w, https:\/\/blogs.gazetaesportiva.com\/albertohelena\/files\/2021\/12\/51730013391_42723be238_h-768x512.jpg 768w, https:\/\/blogs.gazetaesportiva.com\/albertohelena\/files\/2021\/12\/51730013391_42723be238_h-1024x683.jpg 1024w, https:\/\/blogs.gazetaesportiva.com\/albertohelena\/files\/2021\/12\/51730013391_42723be238_h-120x80.jpg 120w\" sizes=\"auto, (max-width: 1599px) 100vw, 1599px\" \/><\/a><figcaption id=\"caption-attachment-13046\" class=\"wp-caption-text\">Santos triunfou no Maracan\u00e3 (Foto: Divulga\u00e7\u00e3o\/Ivan Storti)<\/figcaption><\/figure>\n<p>O vice e o terceiro colocados do Brasileir\u00e3o entraram em campo com sinais trocados: o Palmeiras, com seu time sub-20, empatou sem gols, e o Flamengo, num Maracan\u00e3 pleno, monitorado pela pandemia, perdeu para o Santos, por 1 a 0, gol de Marcos Leonardo.<\/p>\n<p>Bem que o Fla pressionou a maior parte do tempo, e teve aos p\u00e9s de Gabigol a chance de empatar na cobran\u00e7a de um p\u00eanalti que acabou se chocando com o poste esquerdo.<\/p>\n<p>Mas, n\u00e3o era aquele Fla implac\u00e1vel de tempos recentes, nada disso. \u00c9 apenas aquele Fla que segue sonhando com a volta de Jesus, que, segundo os seguidores da lenda, ainda n\u00e3o se concretizou.<\/p>\n<p>Ali\u00e1s, tenho c\u00e1 minhas d\u00favidas que o alvorecer no Ninho do Urubu se repetir\u00e1. Aquilo foi um momento m\u00e1gico, \u00fanico.<\/p>\n<p>O fato \u00e9 que, com o placar de 1 a 0,\u00a0 o Peixe, definitivamente, evita o pior &#8211; a queda \u00e0 Segunda Divis\u00e3o do Brasileir\u00e3o. O que \u00e9 uma consola\u00e7\u00e3o para o time eleito o maior da hist\u00f3ria do s\u00e9culo 20.<\/p>\n<p>J\u00e1 o Palmeiras desta segunda-feira, \u00e9 um sinal de que a pol\u00edtica atual do Verd\u00e3o rompe com sua mais tradi\u00e7\u00e3o. Aquela que dava pouco valor \u00e0s suas bases.<\/p>\n<p>S\u00e3o raras as exce\u00e7\u00f5es de craques que emergiram de baixo no passado glorioso do\u00a0 Verd\u00e3o, como Eduardo Lima, o Bambino D&#8217;Oro, na virada do anos 30 para os 40, ou Valdemar Fi\u00fame, o Professor ou Pai da Bola, Mazzola, o Altafini dos italianos, chegou ao Parque com 15 anos de idade, mas j\u00e1 veio feito do Atl\u00e9tico Piracicabano. E n\u00e3o me recordo de nenhum outro desde a ascens\u00e3o recente de Menino, Danilo, Patrick de Paula etc.<\/p>\n<p>O diabo \u00e9 que essa gente toda est\u00e1 destinada a ser negociada para o Exterior, pois o futebol brasileiro, maior celeiro de craques do mundo, por causa de seu calend\u00e1rio infame e da p\u00edfia administra\u00e7\u00e3o dos clubes e federa\u00e7\u00f5es, virou mero fornecedor de p\u00e9 de obra para o mundo.<\/p>\n<p>Mas, enfim&#8230;<\/p>\n","protected":false},"excerpt":{"rendered":"<p>O vice e o terceiro colocados do Brasileir\u00e3o entraram em campo com sinais trocados: o Palmeiras, com seu time sub-20, empatou sem gols, e o <a class=\"read-more\" href=\"https:\/\/blogs.gazetaesportiva.com\/albertohelena\/2021\/12\/06\/verdao-verdissimo-e-o-peixe-escapa-da-isca\/\">leia mais<\/a><\/p>\n","protected":false},"author":46,"featured_media":13046,"comment_status":"open","ping_status":"open","sticky":false,"template":"","format":"standard","meta":{"_jetpack_newsletter_access":"","_jetpack_dont_email_post_to_subs":false,"_jetpack_newsletter_tier_id":0,"_jetpack_memberships_contains_paywalled_content":false,"_jetpack_memberships_contains_paid_content":false,"footnotes":""},"categories":[1],"tags":[],"class_list":["post-13044","post","type-post","status-publish","format-standard","has-post-thumbnail","hentry","category-sem-categoria"],"jetpack_featured_media_url":"https:\/\/blogs.gazetaesportiva.com\/albertohelena\/files\/2021\/12\/51730013391_42723be238_h.jpg","jetpack_sharing_enabled":true,"jetpack_shortlink":"https:\/\/wp.me\/pekB7q-3oo","_links":{"self":[{"href":"https:\/\/blogs.gazetaesportiva.com\/albertohelena\/wp-json\/wp\/v2\/posts\/13044","targetHints":{"allow":["GET"]}}],"collection":[{"href":"https:\/\/blogs.gazetaesportiva.com\/albertohelena\/wp-json\/wp\/v2\/posts"}],"about":[{"href":"https:\/\/blogs.gazetaesportiva.com\/albertohelena\/wp-json\/wp\/v2\/types\/post"}],"author":[{"embeddable":true,"href":"https:\/\/blogs.gazetaesportiva.com\/albertohelena\/wp-json\/wp\/v2\/users\/46"}],"replies":[{"embeddable":true,"href":"https:\/\/blogs.gazetaesportiva.com\/albertohelena\/wp-json\/wp\/v2\/comments?post=13044"}],"version-history":[{"count":0,"href":"https:\/\/blogs.gazetaesportiva.com\/albertohelena\/wp-json\/wp\/v2\/posts\/13044\/revisions"}],"wp:featuredmedia":[{"embeddable":true,"href":"https:\/\/blogs.gazetaesportiva.com\/albertohelena\/wp-json\/wp\/v2\/media\/13046"}],"wp:attachment":[{"href":"https:\/\/blogs.gazetaesportiva.com\/albertohelena\/wp-json\/wp\/v2\/media?parent=13044"}],"wp:term":[{"taxonomy":"category","embeddable":true,"href":"https:\/\/blogs.gazetaesportiva.com\/albertohelena\/wp-json\/wp\/v2\/categories?post=13044"},{"taxonomy":"post_tag","embeddable":true,"href":"https:\/\/blogs.gazetaesportiva.com\/albertohelena\/wp-json\/wp\/v2\/tags?post=13044"}],"curies":[{"name":"wp","href":"https:\/\/api.w.org\/{rel}","templated":true}]}}