{"id":13043,"date":"2021-12-06T21:23:31","date_gmt":"2021-12-07T00:23:31","guid":{"rendered":"https:\/\/blogs.gazetaesportiva.com\/albertohelena\/?p=13043"},"modified":"2021-12-06T21:35:28","modified_gmt":"2021-12-07T00:35:28","slug":"tricolor-chega-aos-3-sem-a-maldicao-do-3","status":"publish","type":"post","link":"https:\/\/blogs.gazetaesportiva.com\/albertohelena\/2021\/12\/06\/tricolor-chega-aos-3-sem-a-maldicao-do-3\/","title":{"rendered":"Tricolor chega aos 3, sem a maldi\u00e7\u00e3o do 3"},"content":{"rendered":"<figure id=\"attachment_13045\" aria-describedby=\"caption-attachment-13045\" style=\"width: 3543px\" class=\"wp-caption aligncenter\"><a href=\"https:\/\/blogs.gazetaesportiva.com\/albertohelena\/files\/2021\/12\/01636823.jpg\"><img loading=\"lazy\" decoding=\"async\" data-attachment-id=\"13045\" data-permalink=\"https:\/\/blogs.gazetaesportiva.com\/albertohelena\/2021\/12\/06\/tricolor-chega-aos-3-sem-a-maldicao-do-3\/partida-entre-sao-paulo-x-juventude-valido-pelo-campeonato-brasileiro\/\" data-orig-file=\"https:\/\/blogs.gazetaesportiva.com\/albertohelena\/files\/2021\/12\/01636823.jpg\" data-orig-size=\"3543,2358\" data-comments-opened=\"1\" data-image-meta=\"{&quot;aperture&quot;:&quot;0&quot;,&quot;credit&quot;:&quot;Renato Gizzi&quot;,&quot;camera&quot;:&quot;&quot;,&quot;caption&quot;:&quot;SAO PAULO (SP), 06.12.2021 \\u00e2\\u20ac\\u201c SAO PAULO-JUVENTUDE -  Luciano do Sao Paulo durante partida contra o Juventude, valido pela 37\\u00c2\\u00aa rodada do Campeonato Brasileiro, no estadio Cicero Pompeu de Toledo na noite desta segunda-feira (06). (Foto: Renato Gizzi\\\/Photo Premium\\\/Gazeta Press) \\r\\n\\r\\nPHOTO PREMIUM\\\/Photo Premium&quot;,&quot;created_timestamp&quot;:&quot;0&quot;,&quot;copyright&quot;:&quot;RENATO GIZZI&quot;,&quot;focal_length&quot;:&quot;0&quot;,&quot;iso&quot;:&quot;0&quot;,&quot;shutter_speed&quot;:&quot;0&quot;,&quot;title&quot;:&quot;Partida entre Sao Paulo x Juventude, valido pelo Campeonato Brasileiro&quot;,&quot;orientation&quot;:&quot;0&quot;}\" data-image-title=\"Partida entre Sao Paulo x Juventude, valido pelo Campeonato Brasileiro\" data-image-description=\"\" data-image-caption=\"&lt;p&gt;Luciano marcou duas vezes no Morumbi (Foto: Renato Gizzi\/Photo Premium\/Gazeta Press)&lt;\/p&gt;\n&lt;p&gt;PHOTO PREMIUM\/Photo Premium&lt;\/p&gt;\n\" data-medium-file=\"https:\/\/blogs.gazetaesportiva.com\/albertohelena\/files\/2021\/12\/01636823-300x200.jpg\" data-large-file=\"https:\/\/blogs.gazetaesportiva.com\/albertohelena\/files\/2021\/12\/01636823-1024x682.jpg\" class=\"size-full wp-image-13045\" src=\"https:\/\/blogs.gazetaesportiva.com\/albertohelena\/files\/2021\/12\/01636823.jpg\" alt=\"\" width=\"3543\" height=\"2358\" srcset=\"https:\/\/blogs.gazetaesportiva.com\/albertohelena\/files\/2021\/12\/01636823.jpg 3543w, https:\/\/blogs.gazetaesportiva.com\/albertohelena\/files\/2021\/12\/01636823-300x200.jpg 300w, https:\/\/blogs.gazetaesportiva.com\/albertohelena\/files\/2021\/12\/01636823-768x511.jpg 768w, https:\/\/blogs.gazetaesportiva.com\/albertohelena\/files\/2021\/12\/01636823-1024x682.jpg 1024w, https:\/\/blogs.gazetaesportiva.com\/albertohelena\/files\/2021\/12\/01636823-120x80.jpg 120w\" sizes=\"auto, (max-width: 3543px) 100vw, 3543px\" \/><\/a><figcaption id=\"caption-attachment-13045\" class=\"wp-caption-text\">Luciano marcou duas vezes no Morumbi (Foto: Renato Gizzi\/Photo Premium\/Gazeta Press)<\/figcaption><\/figure>\n<p>S\u00f3 a mais extrema burrice sugere ao S\u00e3o Paulo jogar com tr\u00eas zagueiros, como comprova amplamente a insist\u00eancia de Crespo com esse esquema que levou o Tricolor \u00e0s bordas do precip\u00edcio do Brasileir\u00e3o, assim como as infelizes incurs\u00f5es de Ceni nesse cen\u00e1rio.<\/p>\n<p>Toda vez que Ceni optou pela forma\u00e7\u00e3o com dois zagueiros, seu time deu-se bem. Quando n\u00e3o, dan\u00e7ou.<\/p>\n<p>Pois, bem, nesta noite de segunda, diante do Juventude, em jogo de vida ou morte, com apenas dois zagueiros, o Tricolor, pela primeira vez em 37 rodadas do campeonato conseguiu marcar\u00a0 tr\u00eas gols.<\/p>\n<p>Claro, j\u00e1 que teve um jogador a mais no meio de campo, onde tudo nasce, e, consequentemente, dominou a partida do in\u00edcio ao fim, com raros suspiros do Juventude. Logo, criou mais chances de gol e chegou l\u00e1 com Luciano, duas vezes, e Calleri, uma.<\/p>\n<p>Mesmo porque se o S\u00e3o Paulo disp\u00f5e hoje em dia de um setor bem fornido \u00e9 esse do meio de campo, onde se desdobram jovens e veteranos de bom quilate t\u00e9cnico &#8211; Luan, Liziero, Nestor, Benitez, Sara, Igor Gomes, Shaylon etc. &#8211; o mais \u00f3bvio \u00e9 us\u00e1-lo em toda a sua extens\u00e3o, ainda mais que as alternativas de zagueiros sejam ex\u00edguas, limitando-se a Arboleda (hummm&#8230;) e Miranda, excepcional.<\/p>\n<p>Confesso que fico pasmo que Rog\u00e9rio Ceni, um rapaz que reputo inteligente, n\u00e3o veja isso claramente.<\/p>\n<p>&nbsp;<\/p>\n<p>&nbsp;<\/p>\n<p>&nbsp;<\/p>\n","protected":false},"excerpt":{"rendered":"<p>S\u00f3 a mais extrema burrice sugere ao S\u00e3o Paulo jogar com tr\u00eas zagueiros, como comprova amplamente a insist\u00eancia de Crespo com esse esquema que levou <a class=\"read-more\" href=\"https:\/\/blogs.gazetaesportiva.com\/albertohelena\/2021\/12\/06\/tricolor-chega-aos-3-sem-a-maldicao-do-3\/\">leia mais<\/a><\/p>\n","protected":false},"author":46,"featured_media":13045,"comment_status":"open","ping_status":"open","sticky":false,"template":"","format":"standard","meta":{"_jetpack_newsletter_access":"","_jetpack_dont_email_post_to_subs":false,"_jetpack_newsletter_tier_id":0,"_jetpack_memberships_contains_paywalled_content":false,"_jetpack_memberships_contains_paid_content":false,"footnotes":""},"categories":[1],"tags":[],"class_list":["post-13043","post","type-post","status-publish","format-standard","has-post-thumbnail","hentry","category-sem-categoria"],"jetpack_featured_media_url":"https:\/\/blogs.gazetaesportiva.com\/albertohelena\/files\/2021\/12\/01636823.jpg","jetpack_sharing_enabled":true,"jetpack_shortlink":"https:\/\/wp.me\/pekB7q-3on","_links":{"self":[{"href":"https:\/\/blogs.gazetaesportiva.com\/albertohelena\/wp-json\/wp\/v2\/posts\/13043","targetHints":{"allow":["GET"]}}],"collection":[{"href":"https:\/\/blogs.gazetaesportiva.com\/albertohelena\/wp-json\/wp\/v2\/posts"}],"about":[{"href":"https:\/\/blogs.gazetaesportiva.com\/albertohelena\/wp-json\/wp\/v2\/types\/post"}],"author":[{"embeddable":true,"href":"https:\/\/blogs.gazetaesportiva.com\/albertohelena\/wp-json\/wp\/v2\/users\/46"}],"replies":[{"embeddable":true,"href":"https:\/\/blogs.gazetaesportiva.com\/albertohelena\/wp-json\/wp\/v2\/comments?post=13043"}],"version-history":[{"count":0,"href":"https:\/\/blogs.gazetaesportiva.com\/albertohelena\/wp-json\/wp\/v2\/posts\/13043\/revisions"}],"wp:featuredmedia":[{"embeddable":true,"href":"https:\/\/blogs.gazetaesportiva.com\/albertohelena\/wp-json\/wp\/v2\/media\/13045"}],"wp:attachment":[{"href":"https:\/\/blogs.gazetaesportiva.com\/albertohelena\/wp-json\/wp\/v2\/media?parent=13043"}],"wp:term":[{"taxonomy":"category","embeddable":true,"href":"https:\/\/blogs.gazetaesportiva.com\/albertohelena\/wp-json\/wp\/v2\/categories?post=13043"},{"taxonomy":"post_tag","embeddable":true,"href":"https:\/\/blogs.gazetaesportiva.com\/albertohelena\/wp-json\/wp\/v2\/tags?post=13043"}],"curies":[{"name":"wp","href":"https:\/\/api.w.org\/{rel}","templated":true}]}}