{"id":13036,"date":"2021-12-02T22:43:36","date_gmt":"2021-12-03T01:43:36","guid":{"rendered":"https:\/\/blogs.gazetaesportiva.com\/albertohelena\/?p=13036"},"modified":"2021-12-03T01:40:21","modified_gmt":"2021-12-03T04:40:21","slug":"gaalooo-e-ceni-salva-o-gremio","status":"publish","type":"post","link":"https:\/\/blogs.gazetaesportiva.com\/albertohelena\/2021\/12\/02\/gaalooo-e-ceni-salva-o-gremio\/","title":{"rendered":"Gaalooo! E Ceni salva o Gr\u00eamio."},"content":{"rendered":"<figure id=\"attachment_13038\" aria-describedby=\"caption-attachment-13038\" style=\"width: 800px\" class=\"wp-caption aligncenter\"><a href=\"https:\/\/blogs.gazetaesportiva.com\/albertohelena\/files\/2021\/12\/ceni.jpg\"><img loading=\"lazy\" decoding=\"async\" data-attachment-id=\"13038\" data-permalink=\"https:\/\/blogs.gazetaesportiva.com\/albertohelena\/2021\/12\/02\/gaalooo-e-ceni-salva-o-gremio\/ceni-2\/\" data-orig-file=\"https:\/\/blogs.gazetaesportiva.com\/albertohelena\/files\/2021\/12\/ceni.jpg\" data-orig-size=\"800,515\" data-comments-opened=\"1\" data-image-meta=\"{&quot;aperture&quot;:&quot;0&quot;,&quot;credit&quot;:&quot;&quot;,&quot;camera&quot;:&quot;&quot;,&quot;caption&quot;:&quot;&quot;,&quot;created_timestamp&quot;:&quot;0&quot;,&quot;copyright&quot;:&quot;&quot;,&quot;focal_length&quot;:&quot;0&quot;,&quot;iso&quot;:&quot;0&quot;,&quot;shutter_speed&quot;:&quot;0&quot;,&quot;title&quot;:&quot;&quot;,&quot;orientation&quot;:&quot;0&quot;}\" data-image-title=\"ceni\" data-image-description=\"\" data-image-caption=\"&lt;p&gt;Foto: Rubens Chiri\/SPFC&lt;\/p&gt;\n\" data-medium-file=\"https:\/\/blogs.gazetaesportiva.com\/albertohelena\/files\/2021\/12\/ceni-300x193.jpg\" data-large-file=\"https:\/\/blogs.gazetaesportiva.com\/albertohelena\/files\/2021\/12\/ceni.jpg\" class=\"size-full wp-image-13038\" src=\"https:\/\/blogs.gazetaesportiva.com\/albertohelena\/files\/2021\/12\/ceni.jpg\" alt=\"\" width=\"800\" height=\"515\" srcset=\"https:\/\/blogs.gazetaesportiva.com\/albertohelena\/files\/2021\/12\/ceni.jpg 800w, https:\/\/blogs.gazetaesportiva.com\/albertohelena\/files\/2021\/12\/ceni-300x193.jpg 300w, https:\/\/blogs.gazetaesportiva.com\/albertohelena\/files\/2021\/12\/ceni-768x494.jpg 768w\" sizes=\"auto, (max-width: 800px) 100vw, 800px\" \/><\/a><figcaption id=\"caption-attachment-13038\" class=\"wp-caption-text\">Foto: Rubens Chiri\/SPFC<\/figcaption><\/figure>\n<p>Quando parecia que o Galo teria de esperar, pelo menos, uma rodada a mais pra meter a m\u00e3o na ta\u00e7a, pois o desesperado Bahia vencia por 2 a 0, j\u00e1 pra l\u00e1 da segunda metade da segunda etapa de jogo, eis que o Galo levanta a crista e, com um gol de p\u00eanalti de Hulk, e outros dois de Keno, vira o placar e sai de campo gloriosamente campe\u00e3o brasileiro, depois de meio s\u00e9culo de espera.<\/p>\n<p>Nada mais merecido, pois a campanha do Atl\u00e9tico foi impec\u00e1vel, sob o comando de Cuca e a estrela de Hulk, conquistado o Brasileir\u00e3o com folga na tabela sobre dois outros bambas do torneio &#8211; o Flamengo e o Palmeiras.<\/p>\n<p>E me fez lembrar aquele outro Galo, o primeiro campe\u00e3o brasileiro, quando em 1971 foi instalado o campeonato nacional na esteira do Robert\u00e3o, sinalizado pelos interesses pol\u00edticos do ent\u00e3o presidente da CBD e da Arena fluminense (partido da ditadura militar), sob os ausp\u00edcios da c\u00e9lebre frase do mandat\u00e1rio: &#8220;Onde a Arena vai mal, mais times no Nacional&#8221;.<\/p>\n<p>E a escalada, que come\u00e7ou com vinte times, chegou a beirar os cem, na sucess\u00e3o dos torneios, at\u00e9 a elei\u00e7\u00e3o de Giulite Coutinho, j\u00e1 nas franjas da redemocratiza\u00e7\u00e3o, quando caiu para os vinte atuais.<\/p>\n<p>Era aquele Galo dirigido por Tel\u00ea Santana e que tinha em campo craques como Vantuir, Oldair, Humberto Ramos, Lola, Dario, Ti\u00e3o, o mestre no cruzo, como gostavam de dizer os mineiros, e tantos outros, que se imp\u00f4s na decis\u00e3o do triangular contra S\u00e3o Paulo e Botafogo, dois tima\u00e7os \u00e0 \u00e9poca.<\/p>\n<p>Nesses cinquenta anos de espera, por\u00e9m, o Galo ostentou algumas equipes excepcionais, onde se destacaram craques como Rei-Reinaldo, Cerezo, Eder etc.<\/p>\n<p>Memor\u00e1vel feito do Galo. E j\u00e1 n\u00e3o era sem tempo.<\/p>\n<p>Um pouco mais tarde, outro gigante do nosso futebol, o Gr\u00eamio recebia em seu campo o S\u00e3o Paulo, ambos com campanhas aterrorizantes diante de suas respectivas grandezas.<\/p>\n<p>O Gr\u00eamio, \u00e0 beira do precip\u00edcio, e o S\u00e3o Paulo ainda espiando de esguelha o fundo do po\u00e7o.<\/p>\n<p>Eis, ent\u00e3o, que na v\u00e9spera do jogo Ceni incorporou o esp\u00edrito masoquista de Crespo e voltou a escalar seu time com tr\u00eas zagueiros, sistema de jogo que jogou o Tricolor paulista \u00e0 essa deplor\u00e1vel situa\u00e7\u00e3o. N\u00e3o s\u00f3 isso: pin\u00e7ou do meio de campo o canhoto Sara, principal articulador do ataque de seu time, e remeteu-o \u00e0 lateral direita, esquecendo da nefasta experi\u00eancia anterior com outro atacante canhoto e habilidoso &#8211; Marquinhos &#8211; destinado em jogo passado a essa mesma fun\u00e7\u00e3o.<\/p>\n<p>Deu-se, ent\u00e3o, um, verdadeiro massacre t\u00e9cnico e t\u00e1tico do Gr\u00eamio ao longo de todo o primeiro tempo diante de um S\u00e3o Paulo desarticulado, submisso e incapaz de se organizar minimamente em campo.<\/p>\n<p>Foi quando o Imortal abriu a contagem com Tiago, de cabe\u00e7a, logo depois\u00a0 de ele mesmo ter perdido gol feito, salvo por Miranda em cima da risca.<\/p>\n<p>Bem que Ceni tentou desfazer o malfeito no intervalo, com as entradas de Igor Vinicius no lugar de Benitez e de Marquinhos no de Wellington.<\/p>\n<p>Mas, a\u00ed a vaca j\u00e1 havia se embrenhado no brejo, e o Gr\u00eamio aumentou com Diogo Barbosa e, j\u00e1 no finzinho, com Jonathan, do meio do campo, deixando o Gr\u00eamio com um \u00faltimo suspiro de escapar ao descenso.<\/p>\n<p>Quanto ao S\u00e3o Paulo, que Ceni aprenda a li\u00e7\u00e3o que j\u00e1 lhe fora ministrada antes por tr\u00eas vezes, e exorcize de vez esse signo maldito dos 3.<\/p>\n<p>&nbsp;<\/p>\n","protected":false},"excerpt":{"rendered":"<p>Quando parecia que o Galo teria de esperar, pelo menos, uma rodada a mais pra meter a m\u00e3o na ta\u00e7a, pois o desesperado Bahia vencia <a class=\"read-more\" href=\"https:\/\/blogs.gazetaesportiva.com\/albertohelena\/2021\/12\/02\/gaalooo-e-ceni-salva-o-gremio\/\">leia mais<\/a><\/p>\n","protected":false},"author":46,"featured_media":13038,"comment_status":"open","ping_status":"open","sticky":false,"template":"","format":"standard","meta":{"_jetpack_newsletter_access":"","_jetpack_dont_email_post_to_subs":false,"_jetpack_newsletter_tier_id":0,"_jetpack_memberships_contains_paywalled_content":false,"_jetpack_memberships_contains_paid_content":false,"footnotes":""},"categories":[12,1],"tags":[],"class_list":["post-13036","post","type-post","status-publish","format-standard","has-post-thumbnail","hentry","category-sao-paulo","category-sem-categoria"],"jetpack_featured_media_url":"https:\/\/blogs.gazetaesportiva.com\/albertohelena\/files\/2021\/12\/ceni.jpg","jetpack_sharing_enabled":true,"jetpack_shortlink":"https:\/\/wp.me\/pekB7q-3og","_links":{"self":[{"href":"https:\/\/blogs.gazetaesportiva.com\/albertohelena\/wp-json\/wp\/v2\/posts\/13036","targetHints":{"allow":["GET"]}}],"collection":[{"href":"https:\/\/blogs.gazetaesportiva.com\/albertohelena\/wp-json\/wp\/v2\/posts"}],"about":[{"href":"https:\/\/blogs.gazetaesportiva.com\/albertohelena\/wp-json\/wp\/v2\/types\/post"}],"author":[{"embeddable":true,"href":"https:\/\/blogs.gazetaesportiva.com\/albertohelena\/wp-json\/wp\/v2\/users\/46"}],"replies":[{"embeddable":true,"href":"https:\/\/blogs.gazetaesportiva.com\/albertohelena\/wp-json\/wp\/v2\/comments?post=13036"}],"version-history":[{"count":0,"href":"https:\/\/blogs.gazetaesportiva.com\/albertohelena\/wp-json\/wp\/v2\/posts\/13036\/revisions"}],"wp:featuredmedia":[{"embeddable":true,"href":"https:\/\/blogs.gazetaesportiva.com\/albertohelena\/wp-json\/wp\/v2\/media\/13038"}],"wp:attachment":[{"href":"https:\/\/blogs.gazetaesportiva.com\/albertohelena\/wp-json\/wp\/v2\/media?parent=13036"}],"wp:term":[{"taxonomy":"category","embeddable":true,"href":"https:\/\/blogs.gazetaesportiva.com\/albertohelena\/wp-json\/wp\/v2\/categories?post=13036"},{"taxonomy":"post_tag","embeddable":true,"href":"https:\/\/blogs.gazetaesportiva.com\/albertohelena\/wp-json\/wp\/v2\/tags?post=13036"}],"curies":[{"name":"wp","href":"https:\/\/api.w.org\/{rel}","templated":true}]}}