{"id":13034,"date":"2021-12-01T00:31:37","date_gmt":"2021-12-01T03:31:37","guid":{"rendered":"https:\/\/blogs.gazetaesportiva.com\/albertohelena\/?p=13034"},"modified":"2021-12-01T01:01:27","modified_gmt":"2021-12-01T04:01:27","slug":"os-garotos-verdes-e-o-fla","status":"publish","type":"post","link":"https:\/\/blogs.gazetaesportiva.com\/albertohelena\/2021\/12\/01\/os-garotos-verdes-e-o-fla\/","title":{"rendered":"Os Garotos Verdes e o Fla"},"content":{"rendered":"<figure id=\"attachment_13035\" aria-describedby=\"caption-attachment-13035\" style=\"width: 1500px\" class=\"wp-caption aligncenter\"><a href=\"https:\/\/blogs.gazetaesportiva.com\/albertohelena\/files\/2021\/12\/51717299715_efc7f50034_h.jpg\"><img loading=\"lazy\" decoding=\"async\" data-attachment-id=\"13035\" data-permalink=\"https:\/\/blogs.gazetaesportiva.com\/albertohelena\/2021\/12\/01\/os-garotos-verdes-e-o-fla\/51717299715_efc7f50034_h\/\" data-orig-file=\"https:\/\/blogs.gazetaesportiva.com\/albertohelena\/files\/2021\/12\/51717299715_efc7f50034_h.jpg\" data-orig-size=\"1500,844\" data-comments-opened=\"1\" data-image-meta=\"{&quot;aperture&quot;:&quot;0&quot;,&quot;credit&quot;:&quot;Cesar Greco&quot;,&quot;camera&quot;:&quot;&quot;,&quot;caption&quot;:&quot;&quot;,&quot;created_timestamp&quot;:&quot;0&quot;,&quot;copyright&quot;:&quot;CESAR GRECO&quot;,&quot;focal_length&quot;:&quot;0&quot;,&quot;iso&quot;:&quot;0&quot;,&quot;shutter_speed&quot;:&quot;0&quot;,&quot;title&quot;:&quot;&quot;,&quot;orientation&quot;:&quot;0&quot;}\" data-image-title=\"51717299715_efc7f50034_h\" data-image-description=\"\" data-image-caption=\"&lt;p&gt;Foto: Cesar Greco\/Ag Palmeiras&lt;\/p&gt;\n\" data-medium-file=\"https:\/\/blogs.gazetaesportiva.com\/albertohelena\/files\/2021\/12\/51717299715_efc7f50034_h-300x169.jpg\" data-large-file=\"https:\/\/blogs.gazetaesportiva.com\/albertohelena\/files\/2021\/12\/51717299715_efc7f50034_h-1024x576.jpg\" class=\"size-full wp-image-13035\" src=\"https:\/\/blogs.gazetaesportiva.com\/albertohelena\/files\/2021\/12\/51717299715_efc7f50034_h.jpg\" alt=\"\" width=\"1500\" height=\"844\" srcset=\"https:\/\/blogs.gazetaesportiva.com\/albertohelena\/files\/2021\/12\/51717299715_efc7f50034_h.jpg 1500w, https:\/\/blogs.gazetaesportiva.com\/albertohelena\/files\/2021\/12\/51717299715_efc7f50034_h-300x169.jpg 300w, https:\/\/blogs.gazetaesportiva.com\/albertohelena\/files\/2021\/12\/51717299715_efc7f50034_h-768x432.jpg 768w, https:\/\/blogs.gazetaesportiva.com\/albertohelena\/files\/2021\/12\/51717299715_efc7f50034_h-1024x576.jpg 1024w\" sizes=\"auto, (max-width: 1500px) 100vw, 1500px\" \/><\/a><figcaption id=\"caption-attachment-13035\" class=\"wp-caption-text\">Foto: Cesar Greco\/Ag Palmeiras<\/figcaption><\/figure>\n<p>Os Garotos do Parque entraram em campo, em Cuiab\u00e1, e come\u00e7aram a se divertir logo aos 3 minutos, com aquele gol de Gabriel Silva. E, aos 30, coube a Giovani ampliar para 2 a 0. A soma das idades dos dois d\u00e1 um Felipe Melo, que n\u00e3o mais jogar\u00e1 neste Brasileir\u00e3o, assim como os demais titulares e grande parte dos reservas que levaram o Palmeiras \u00e0 conquista do bi da Copa Libertadores. F\u00e9rias antecipadas e merecidas, claro.<\/p>\n<p>O fato \u00e9 que esse Verd\u00e3o rec\u00e9m-sa\u00eddo do ber\u00e7\u00e1rio jogou feito gente grande contra um Cuiab\u00e1 din\u00e2mico, impulsionado pela perspectiva de chegar \u00e0 zona de disputa da Libertadores e por uma torcida delirante. E at\u00e9 que chegou a reduzir o placar, com Empeureur, at\u00e9 outro dia beque desse mesmo Palmeiras.<\/p>\n<p>Mas, n\u00e3o foi suficiente pra repetir o feito diante de Vin\u00edcius, autor de uma, dentre tantas, defesa absolutamente imposs\u00edvel.<\/p>\n<p>Assim, quando o juiz j\u00e1 assinalava o per\u00edodo de acr\u00e9scimo, Ver\u00f3n escapou pela esquerda, derivou para o meio e disparou um petardo certeiro no \u00e2ngulo, encerrando os festejos verdes que se desenrolam desde o s\u00e1bado m\u00e1gico contra o Flamengo.<\/p>\n<p>Falando em Flamengo, diante de uma torcida at\u00e9 compassiva depois da perda da Libertadores e da sa\u00edda de Renato Ga\u00faco, n\u00e3o \u00e9 que o Meng\u00e3o agiu al\u00e9m das expectativas?<\/p>\n<p>Sim, porque era de esperar um time mais apreensivo, acabrunhado, frente ao Cear\u00e1 em plena ascens\u00e3o.<\/p>\n<p>Mas, logo aos 3 minutos de bola rolando, numa sa\u00edda em falso da defesa cearense, Gabigol abriu a contagem. (Curiosa coincid\u00eancia essa: um Gabriel l\u00e1, outro aqui, ambos aos 3 minutos marcaram seus gols de abertura).<\/p>\n<p>Contudo, n\u00e3o foi moleza, n\u00e3o, pois o Cear\u00e1, com Rick, empatou o jogo aos 26 do segundo per\u00edodo.<\/p>\n<p>Sorte do Mengo que l\u00e1 estava Mateuzinho e n\u00e3o Isla pra acertar aquela bomba aos 33 minutos e garantir a vit\u00f3ria que manteve o t\u00edtulo ainda a poucos cent\u00edmetros da m\u00e3o do Atl\u00e9tico Mineiro e a quil\u00f4metros de dist\u00e2ncia do pr\u00f3prio Flamengo.<\/p>\n<p>Ainda, por\u00e9m, nos c\u00e1lculos matem\u00e1ticos, ao seu alcance.<\/p>\n","protected":false},"excerpt":{"rendered":"<p>Os Garotos do Parque entraram em campo, em Cuiab\u00e1, e come\u00e7aram a se divertir logo aos 3 minutos, com aquele gol de Gabriel Silva. E, <a class=\"read-more\" href=\"https:\/\/blogs.gazetaesportiva.com\/albertohelena\/2021\/12\/01\/os-garotos-verdes-e-o-fla\/\">leia mais<\/a><\/p>\n","protected":false},"author":46,"featured_media":13035,"comment_status":"open","ping_status":"open","sticky":false,"template":"","format":"standard","meta":{"_jetpack_newsletter_access":"","_jetpack_dont_email_post_to_subs":false,"_jetpack_newsletter_tier_id":0,"_jetpack_memberships_contains_paywalled_content":false,"_jetpack_memberships_contains_paid_content":false,"footnotes":""},"categories":[11,1],"tags":[],"class_list":["post-13034","post","type-post","status-publish","format-standard","has-post-thumbnail","hentry","category-palmeiras","category-sem-categoria"],"jetpack_featured_media_url":"https:\/\/blogs.gazetaesportiva.com\/albertohelena\/files\/2021\/12\/51717299715_efc7f50034_h.jpg","jetpack_sharing_enabled":true,"jetpack_shortlink":"https:\/\/wp.me\/pekB7q-3oe","_links":{"self":[{"href":"https:\/\/blogs.gazetaesportiva.com\/albertohelena\/wp-json\/wp\/v2\/posts\/13034","targetHints":{"allow":["GET"]}}],"collection":[{"href":"https:\/\/blogs.gazetaesportiva.com\/albertohelena\/wp-json\/wp\/v2\/posts"}],"about":[{"href":"https:\/\/blogs.gazetaesportiva.com\/albertohelena\/wp-json\/wp\/v2\/types\/post"}],"author":[{"embeddable":true,"href":"https:\/\/blogs.gazetaesportiva.com\/albertohelena\/wp-json\/wp\/v2\/users\/46"}],"replies":[{"embeddable":true,"href":"https:\/\/blogs.gazetaesportiva.com\/albertohelena\/wp-json\/wp\/v2\/comments?post=13034"}],"version-history":[{"count":0,"href":"https:\/\/blogs.gazetaesportiva.com\/albertohelena\/wp-json\/wp\/v2\/posts\/13034\/revisions"}],"wp:featuredmedia":[{"embeddable":true,"href":"https:\/\/blogs.gazetaesportiva.com\/albertohelena\/wp-json\/wp\/v2\/media\/13035"}],"wp:attachment":[{"href":"https:\/\/blogs.gazetaesportiva.com\/albertohelena\/wp-json\/wp\/v2\/media?parent=13034"}],"wp:term":[{"taxonomy":"category","embeddable":true,"href":"https:\/\/blogs.gazetaesportiva.com\/albertohelena\/wp-json\/wp\/v2\/categories?post=13034"},{"taxonomy":"post_tag","embeddable":true,"href":"https:\/\/blogs.gazetaesportiva.com\/albertohelena\/wp-json\/wp\/v2\/tags?post=13034"}],"curies":[{"name":"wp","href":"https:\/\/api.w.org\/{rel}","templated":true}]}}