{"id":11525,"date":"2019-09-07T23:52:56","date_gmt":"2019-09-08T02:52:56","guid":{"rendered":"https:\/\/blogs.gazetaesportiva.com\/albertohelena\/?p=11525"},"modified":"2019-09-08T00:15:41","modified_gmt":"2019-09-08T03:15:41","slug":"o-baile-do-fla-e-a-vitoria-do-mano","status":"publish","type":"post","link":"https:\/\/blogs.gazetaesportiva.com\/albertohelena\/2019\/09\/07\/o-baile-do-fla-e-a-vitoria-do-mano\/","title":{"rendered":"O baile do Fla e a vit\u00f3ria do Mano"},"content":{"rendered":"<figure id=\"attachment_11526\" aria-describedby=\"caption-attachment-11526\" style=\"width: 640px\" class=\"wp-caption aligncenter\"><a href=\"https:\/\/blogs.gazetaesportiva.com\/albertohelena\/files\/2019\/09\/1567895447144.jpg\"><img loading=\"lazy\" decoding=\"async\" data-attachment-id=\"11526\" data-permalink=\"https:\/\/blogs.gazetaesportiva.com\/albertohelena\/2019\/09\/07\/o-baile-do-fla-e-a-vitoria-do-mano\/attachment\/1567895447144\/\" data-orig-file=\"https:\/\/blogs.gazetaesportiva.com\/albertohelena\/files\/2019\/09\/1567895447144.jpg\" data-orig-size=\"4075,2712\" data-comments-opened=\"1\" data-image-meta=\"{&quot;aperture&quot;:&quot;0&quot;,&quot;credit&quot;:&quot;&quot;,&quot;camera&quot;:&quot;&quot;,&quot;caption&quot;:&quot;&quot;,&quot;created_timestamp&quot;:&quot;0&quot;,&quot;copyright&quot;:&quot;&quot;,&quot;focal_length&quot;:&quot;0&quot;,&quot;iso&quot;:&quot;0&quot;,&quot;shutter_speed&quot;:&quot;0&quot;,&quot;title&quot;:&quot;&quot;,&quot;orientation&quot;:&quot;0&quot;}\" data-image-title=\"1567895447144\" data-image-description=\"\" data-image-caption=\"&lt;p&gt;Foto: Alexandre Vidal\/CRF&lt;\/p&gt;\n\" data-medium-file=\"https:\/\/blogs.gazetaesportiva.com\/albertohelena\/files\/2019\/09\/1567895447144-300x200.jpg\" data-large-file=\"https:\/\/blogs.gazetaesportiva.com\/albertohelena\/files\/2019\/09\/1567895447144-1024x681.jpg\" class=\"size-large wp-image-11526\" src=\"https:\/\/blogs.gazetaesportiva.com\/albertohelena\/files\/2019\/09\/1567895447144-1024x681.jpg\" alt=\"\" width=\"640\" height=\"426\" srcset=\"https:\/\/blogs.gazetaesportiva.com\/albertohelena\/files\/2019\/09\/1567895447144-1024x681.jpg 1024w, https:\/\/blogs.gazetaesportiva.com\/albertohelena\/files\/2019\/09\/1567895447144-300x200.jpg 300w, https:\/\/blogs.gazetaesportiva.com\/albertohelena\/files\/2019\/09\/1567895447144-768x511.jpg 768w, https:\/\/blogs.gazetaesportiva.com\/albertohelena\/files\/2019\/09\/1567895447144-120x80.jpg 120w\" sizes=\"auto, (max-width: 640px) 100vw, 640px\" \/><\/a><figcaption id=\"caption-attachment-11526\" class=\"wp-caption-text\">Foto: Alexandre Vidal\/CRF<\/figcaption><\/figure>\n<p><em>Flamengo joga amanh\u00e3, e<\/em><em>u vou estar l\u00e1<\/em><\/p>\n<p><em>Vai haver mais um baile n<\/em><em>o Maracan\u00e3<\/em><\/p>\n<p><em>O Mais Querido tem Dida, Dequinha e Pav\u00e3o<\/em><\/p>\n<p><em>Eu vou pedir pra S\u00e3o Jorge pro Mengo ser campe\u00e3o&#8230;<\/em><\/p>\n<p>Esse samba do genial Wilson Batista, rubro-negro doente, fez muito sucesso na voz de Roberto Silva nos meados dos anos 50, quando o Flamengo possu\u00eda um tima\u00e7o cujo desempenho a cada domingo era um verdadeiro Baile do Vermelho e Preto em pleno Maracan\u00e3.<\/p>\n<p>\u00c9 no que est\u00e1 se transformando o Mengo destes dias. Foi assim contra o Inter, o Palmeiras e assim foi nesta tarde de s\u00e1bado da Independ\u00eancia, diante do Ava\u00ed. Um baile do Mengo na vit\u00f3ria por 3 a 0, em que Gabigol e o menino Reinier (n\u00e3o seria Rainier, em\u00a0 homenagem ao festivo Pr\u00edncipe de M\u00f4naco. par\u00e7a na noite do nosso saudoso Ieso Amalfi?) deram o tom da mel\u00f3dia.<\/p>\n<p>Sei bem que estou falando de coisas e personagens de um passado que a maioria dos leitores n\u00e3o viveu. Um passado que est\u00e1 viv\u00edssimo, por\u00e9m, no presente do Flamengo, o time que joga o mais moderno futebol destes tempos, com bola refinada e dirigida o tempo todo a buscar a meta advers\u00e1ria.<\/p>\n<p>Basta comparar, por exemplo, com o desempenho do Corinthians, na manh\u00e3 deste s\u00e1bado.<\/p>\n<p>Conseguiu, uau!, abrir 2 a 0 diante do Cear\u00e1 no primeiro tempo. Foi o que bastou pra correr de volta \u00e0 casinha, trancar as portas e janelas, deixando uma fresta, por\u00e9m, para o primeiro gol cearense. Tapada tamb\u00e9m essa fresta, e o empate entrou pelo telhado, como uma espl\u00eandida goteira em dia de tempestade, naquele magn\u00edfico gol ol\u00edmpico de Leandro.<\/p>\n<p>J\u00e1 no in\u00edcio da noite, o S\u00e3o Paulo foi ao Beira-Rio enfrentar os reservas do Inter, com tr\u00eas volantes (Hudson, Tch\u00ea-Tch\u00ea e Liziero). Perdeu por 1 a 0 sem incomodar o goleiro Lomba, um dos raros titulares em campo.<\/p>\n<p>Por fim, a estreia de Mano Menezes no Palmeiras, em Goi\u00e1s. Verde com Verde. E,<em> Dio Mio!, <\/em>conseguiu vencer uma,, por 2 a 1, com o gol da vit\u00f3ria de Scarpa aos 55 minutos do segundo tempo.<\/p>\n<p>O placar foi apertado, com o Goi\u00e1s saindo na frente impulsionado por aquele torpedo de Vaz l\u00e1 do meio da rua para William empatar na segunda etapa.<\/p>\n<p>Mas, o mais gratificante foi ver que, nas m\u00e3o de Mano, o Verd\u00e3o deu um passo \u00e0 frente, passando a trabalhar a bola com mais ci\u00eancia, sobretudo a partir do instante em que Lucas Lima, um meia-armador de fato, entrou no lugar do volante Ramires, passando Dudu a atuar pela direita, seu melhor caminho. Pena que Lucas Lima foi expulso j\u00e1 no finzinho.<\/p>\n<p>Enfim, o palestrino amigo\u00a0 pode voltar a sonhar com a disputa, mas s\u00f3 no caso de a orquestra rubro-negra desafinar de vez.<\/p>\n<figure id=\"attachment_11527\" aria-describedby=\"caption-attachment-11527\" style=\"width: 640px\" class=\"wp-caption aligncenter\"><a href=\"https:\/\/blogs.gazetaesportiva.com\/albertohelena\/files\/2019\/09\/48696376373_41c0cdf486_o.jpg\"><img loading=\"lazy\" decoding=\"async\" data-attachment-id=\"11527\" data-permalink=\"https:\/\/blogs.gazetaesportiva.com\/albertohelena\/2019\/09\/07\/o-baile-do-fla-e-a-vitoria-do-mano\/48696376373_41c0cdf486_o\/\" data-orig-file=\"https:\/\/blogs.gazetaesportiva.com\/albertohelena\/files\/2019\/09\/48696376373_41c0cdf486_o.jpg\" data-orig-size=\"1500,844\" data-comments-opened=\"1\" data-image-meta=\"{&quot;aperture&quot;:&quot;4&quot;,&quot;credit&quot;:&quot;Cesar Greco&quot;,&quot;camera&quot;:&quot;Canon EOS-1D X&quot;,&quot;caption&quot;:&quot;O t\\u00e9cnico Mano Menezes, da SE Palmeiras, em jogo contra a equipe do Goi\\u00e1s EC, durante partida v\\u00e1lida pela d\\u00e9cima oitava rodada, do Campeonato Brasileiro, S\\u00e9rie A, no Est\\u00e1dio Serra Dourada.&quot;,&quot;created_timestamp&quot;:&quot;1567901678&quot;,&quot;copyright&quot;:&quot;CESAR GRECO&quot;,&quot;focal_length&quot;:&quot;400&quot;,&quot;iso&quot;:&quot;4000&quot;,&quot;shutter_speed&quot;:&quot;0.002&quot;,&quot;title&quot;:&quot;&quot;,&quot;orientation&quot;:&quot;0&quot;}\" data-image-title=\"48696376373_41c0cdf486_o\" data-image-description=\"\" data-image-caption=\"&lt;p&gt;Foto: Cesar Greco\/SEP&lt;\/p&gt;\n\" data-medium-file=\"https:\/\/blogs.gazetaesportiva.com\/albertohelena\/files\/2019\/09\/48696376373_41c0cdf486_o-300x169.jpg\" data-large-file=\"https:\/\/blogs.gazetaesportiva.com\/albertohelena\/files\/2019\/09\/48696376373_41c0cdf486_o-1024x576.jpg\" class=\"size-large wp-image-11527\" src=\"https:\/\/blogs.gazetaesportiva.com\/albertohelena\/files\/2019\/09\/48696376373_41c0cdf486_o-1024x576.jpg\" alt=\"\" width=\"640\" height=\"360\" srcset=\"https:\/\/blogs.gazetaesportiva.com\/albertohelena\/files\/2019\/09\/48696376373_41c0cdf486_o-1024x576.jpg 1024w, https:\/\/blogs.gazetaesportiva.com\/albertohelena\/files\/2019\/09\/48696376373_41c0cdf486_o-300x169.jpg 300w, https:\/\/blogs.gazetaesportiva.com\/albertohelena\/files\/2019\/09\/48696376373_41c0cdf486_o-768x432.jpg 768w, https:\/\/blogs.gazetaesportiva.com\/albertohelena\/files\/2019\/09\/48696376373_41c0cdf486_o.jpg 1500w\" sizes=\"auto, (max-width: 640px) 100vw, 640px\" \/><\/a><figcaption id=\"caption-attachment-11527\" class=\"wp-caption-text\">Foto: Cesar Greco\/SEP<\/figcaption><\/figure>\n<p>&nbsp;<\/p>\n<p>&nbsp;<\/p>\n<p>&nbsp;<\/p>\n<p>&nbsp;<\/p>\n","protected":false},"excerpt":{"rendered":"<p>Flamengo joga amanh\u00e3, eu vou estar l\u00e1 Vai haver mais um baile no Maracan\u00e3 O Mais Querido tem Dida, Dequinha e Pav\u00e3o Eu vou pedir <a class=\"read-more\" href=\"https:\/\/blogs.gazetaesportiva.com\/albertohelena\/2019\/09\/07\/o-baile-do-fla-e-a-vitoria-do-mano\/\">leia mais<\/a><\/p>\n","protected":false},"author":46,"featured_media":11527,"comment_status":"open","ping_status":"open","sticky":false,"template":"","format":"standard","meta":{"_jetpack_newsletter_access":"","_jetpack_dont_email_post_to_subs":false,"_jetpack_newsletter_tier_id":0,"_jetpack_memberships_contains_paywalled_content":false,"_jetpack_memberships_contains_paid_content":false,"footnotes":""},"categories":[14,11],"tags":[],"class_list":["post-11525","post","type-post","status-publish","format-standard","has-post-thumbnail","hentry","category-flamengo","category-palmeiras"],"jetpack_featured_media_url":"https:\/\/blogs.gazetaesportiva.com\/albertohelena\/files\/2019\/09\/48696376373_41c0cdf486_o.jpg","jetpack_sharing_enabled":true,"jetpack_shortlink":"https:\/\/wp.me\/pekB7q-2ZT","_links":{"self":[{"href":"https:\/\/blogs.gazetaesportiva.com\/albertohelena\/wp-json\/wp\/v2\/posts\/11525","targetHints":{"allow":["GET"]}}],"collection":[{"href":"https:\/\/blogs.gazetaesportiva.com\/albertohelena\/wp-json\/wp\/v2\/posts"}],"about":[{"href":"https:\/\/blogs.gazetaesportiva.com\/albertohelena\/wp-json\/wp\/v2\/types\/post"}],"author":[{"embeddable":true,"href":"https:\/\/blogs.gazetaesportiva.com\/albertohelena\/wp-json\/wp\/v2\/users\/46"}],"replies":[{"embeddable":true,"href":"https:\/\/blogs.gazetaesportiva.com\/albertohelena\/wp-json\/wp\/v2\/comments?post=11525"}],"version-history":[{"count":0,"href":"https:\/\/blogs.gazetaesportiva.com\/albertohelena\/wp-json\/wp\/v2\/posts\/11525\/revisions"}],"wp:featuredmedia":[{"embeddable":true,"href":"https:\/\/blogs.gazetaesportiva.com\/albertohelena\/wp-json\/wp\/v2\/media\/11527"}],"wp:attachment":[{"href":"https:\/\/blogs.gazetaesportiva.com\/albertohelena\/wp-json\/wp\/v2\/media?parent=11525"}],"wp:term":[{"taxonomy":"category","embeddable":true,"href":"https:\/\/blogs.gazetaesportiva.com\/albertohelena\/wp-json\/wp\/v2\/categories?post=11525"},{"taxonomy":"post_tag","embeddable":true,"href":"https:\/\/blogs.gazetaesportiva.com\/albertohelena\/wp-json\/wp\/v2\/tags?post=11525"}],"curies":[{"name":"wp","href":"https:\/\/api.w.org\/{rel}","templated":true}]}}