{"id":11523,"date":"2019-09-07T00:13:30","date_gmt":"2019-09-07T03:13:30","guid":{"rendered":"https:\/\/blogs.gazetaesportiva.com\/albertohelena\/?p=11523"},"modified":"2019-09-07T00:18:54","modified_gmt":"2019-09-07T03:18:54","slug":"a-volta-de-neymar-e-o-previsivel","status":"publish","type":"post","link":"https:\/\/blogs.gazetaesportiva.com\/albertohelena\/2019\/09\/07\/a-volta-de-neymar-e-o-previsivel\/","title":{"rendered":"A volta de Neymar e o previs\u00edvel"},"content":{"rendered":"<figure id=\"attachment_11524\" aria-describedby=\"caption-attachment-11524\" style=\"width: 640px\" class=\"wp-caption aligncenter\"><a href=\"https:\/\/blogs.gazetaesportiva.com\/albertohelena\/files\/2019\/09\/20190906231224_5d73120824728.jpg\"><img loading=\"lazy\" decoding=\"async\" data-attachment-id=\"11524\" data-permalink=\"https:\/\/blogs.gazetaesportiva.com\/albertohelena\/2019\/09\/07\/a-volta-de-neymar-e-o-previsivel\/20190906231224_5d73120824728\/\" data-orig-file=\"https:\/\/blogs.gazetaesportiva.com\/albertohelena\/files\/2019\/09\/20190906231224_5d73120824728.jpg\" data-orig-size=\"3000,2000\" data-comments-opened=\"1\" data-image-meta=\"{&quot;aperture&quot;:&quot;2.8&quot;,&quot;credit&quot;:&quot;Pedro Martins&quot;,&quot;camera&quot;:&quot;NIKON D850&quot;,&quot;caption&quot;:&quot;06\\\/09\\\/2019 - Estados Unidos - FL - Miami -  Amistosos Setembro 2019 2019 - Amistosos - Brasil x  - Hard Rock Stadium - \\r \\rFoto : Pedro Martins&quot;,&quot;created_timestamp&quot;:&quot;1567821246&quot;,&quot;copyright&quot;:&quot;&quot;,&quot;focal_length&quot;:&quot;400&quot;,&quot;iso&quot;:&quot;2000&quot;,&quot;shutter_speed&quot;:&quot;0.0005&quot;,&quot;title&quot;:&quot;&quot;,&quot;orientation&quot;:&quot;0&quot;}\" data-image-title=\"20190906231224_5d73120824728\" data-image-description=\"\" data-image-caption=\"&lt;p&gt;Foto : Pedro Martins\/Mowa Press&lt;\/p&gt;\n\" data-medium-file=\"https:\/\/blogs.gazetaesportiva.com\/albertohelena\/files\/2019\/09\/20190906231224_5d73120824728-300x200.jpg\" data-large-file=\"https:\/\/blogs.gazetaesportiva.com\/albertohelena\/files\/2019\/09\/20190906231224_5d73120824728-1024x683.jpg\" class=\"size-large wp-image-11524\" src=\"https:\/\/blogs.gazetaesportiva.com\/albertohelena\/files\/2019\/09\/20190906231224_5d73120824728-1024x683.jpg\" alt=\"\" width=\"640\" height=\"427\" srcset=\"https:\/\/blogs.gazetaesportiva.com\/albertohelena\/files\/2019\/09\/20190906231224_5d73120824728-1024x683.jpg 1024w, https:\/\/blogs.gazetaesportiva.com\/albertohelena\/files\/2019\/09\/20190906231224_5d73120824728-300x200.jpg 300w, https:\/\/blogs.gazetaesportiva.com\/albertohelena\/files\/2019\/09\/20190906231224_5d73120824728-768x512.jpg 768w, https:\/\/blogs.gazetaesportiva.com\/albertohelena\/files\/2019\/09\/20190906231224_5d73120824728-120x80.jpg 120w\" sizes=\"auto, (max-width: 640px) 100vw, 640px\" \/><\/a><figcaption id=\"caption-attachment-11524\" class=\"wp-caption-text\">Foto : Pedro Martins\/Mowa Press<\/figcaption><\/figure>\n<p>O resultado, nesses casos, pouco importa, embora, \u00e9 claro, vencer sempre \u00e9 melhor, sobretudo quando o advers\u00e1rio \u00e9 t\u00e9cnica e historicamente inferior. Mas, o empate com a Col\u00f4mbia foi justo: eles jogaram melhor no primeiro tempo, quando fizeram 2 a 1; e o Brasil foi superior no segundo, quando empatou por 2 a 2.<\/p>\n<p>O que vale mesmo nesses ca\u00e7a-n\u00edqueis da Sele\u00e7\u00e3o \u00e9 aproveitar a chance pra tentar novos caminhos para um time que tem sido previs\u00edvel na sua forma de jogar desde a ascens\u00e3o de Tite ao comando da canarinho, com resultados positivos, diga-se. E, tamb\u00e9m, para que o t\u00e9cnico possa fazer experi\u00eancias com jovens jogadores visando \u00e0 Copa do Mundo.<\/p>\n<p>Algumas dessas experi\u00eancias t\u00eam sido feitas por Tite. Nesta noite de sexta-feira, por exemplo, colocou em campo Neres, Paquet\u00e1 e Bruno Henrque, j\u00e1 no finzinho do jogo.<\/p>\n<p>Contudo, n\u00e3o mudou o bra\u00e7o da viola. Isto \u00e9: a forma\u00e7\u00e3o do meio de campo, que \u00e9 o centro nervoso de qualquer time de futebol. Seguiu composto por Casemiro, Artur e Coutinho, mais o auxilio espor\u00e1dico de Firmino. Nenhum deles tem as caracter\u00edsticas de um aut\u00eantico meia-armador, aquele sujeito que serve de metr\u00f4nomo, controla o tempo da bola e a destina com exatid\u00e3o para as zonas menos povoadas de advers\u00e1rios, al\u00e9m de chegar de surpresa \u00e0 \u00e1rea para finalizar tamb\u00e9m. Artur, seguramente, n\u00e3o \u00e9 esse jogador, ainda que receba e toque a bola com frequ\u00eancia mas sem a necess\u00e1ria imprevisibilidade. Tampouco se aproxima da \u00e1rea inimiga.<\/p>\n<p>Seria o caso, nas atuais circunst\u00e2ncias, de experimentar Neymar por ali, abrindo espa\u00e7o na esquerda para Bruno Henrique ou Vin\u00edcius Jr. (no futuro, Cebolinha)? Acho que sim, pois Neymar, al\u00e9m de seu \u00edmpeto ofensivo, \u00e9 um craque que sabe como poucos meter a bola no lugar certo, de surpresa.<\/p>\n<p>Experimente. Se n\u00e3o funcionar, sempre haver\u00e1 tempo de chamar o garoto G\u00e9rson do Flamengo, talhado para essa fun\u00e7\u00e3o.<\/p>\n<p>Ali\u00e1s, falando em Neymar, o carinha voltou de longo afastamento dos campos &#8211; por les\u00e3o seguida de encrenca com seu clube &#8211; e foi como se estivesse duas semanas de folga. No primeiro tempo, conteve-se ali pela ponta-esquerda para, no segundo, marcar o gol de empate, desinibindo-se\u00a0 ao seu estilo, driblando, investindo sobre o advers\u00e1rio, virando o jogo de maneira imprevista pra colher um companheiro desmarcado e tal e cousa e lousa e maripousa, sem falar no p\u00eanalti claro que sofreu e o juiz n\u00e3o deu.<\/p>\n<p>E essa acabou sendo a melhor nota desse jogo Neymar est\u00e1 de volta, pelo menos pra n\u00f3s.<\/p>\n<p>&nbsp;<\/p>\n","protected":false},"excerpt":{"rendered":"<p>O resultado, nesses casos, pouco importa, embora, \u00e9 claro, vencer sempre \u00e9 melhor, sobretudo quando o advers\u00e1rio \u00e9 t\u00e9cnica e historicamente inferior. Mas, o empate <a class=\"read-more\" href=\"https:\/\/blogs.gazetaesportiva.com\/albertohelena\/2019\/09\/07\/a-volta-de-neymar-e-o-previsivel\/\">leia mais<\/a><\/p>\n","protected":false},"author":46,"featured_media":11524,"comment_status":"open","ping_status":"open","sticky":false,"template":"","format":"standard","meta":{"_jetpack_newsletter_access":"","_jetpack_dont_email_post_to_subs":false,"_jetpack_newsletter_tier_id":0,"_jetpack_memberships_contains_paywalled_content":false,"_jetpack_memberships_contains_paid_content":false,"footnotes":""},"categories":[8,1],"tags":[],"class_list":["post-11523","post","type-post","status-publish","format-standard","has-post-thumbnail","hentry","category-brasil","category-sem-categoria"],"jetpack_featured_media_url":"https:\/\/blogs.gazetaesportiva.com\/albertohelena\/files\/2019\/09\/20190906231224_5d73120824728.jpg","jetpack_sharing_enabled":true,"jetpack_shortlink":"https:\/\/wp.me\/pekB7q-2ZR","_links":{"self":[{"href":"https:\/\/blogs.gazetaesportiva.com\/albertohelena\/wp-json\/wp\/v2\/posts\/11523","targetHints":{"allow":["GET"]}}],"collection":[{"href":"https:\/\/blogs.gazetaesportiva.com\/albertohelena\/wp-json\/wp\/v2\/posts"}],"about":[{"href":"https:\/\/blogs.gazetaesportiva.com\/albertohelena\/wp-json\/wp\/v2\/types\/post"}],"author":[{"embeddable":true,"href":"https:\/\/blogs.gazetaesportiva.com\/albertohelena\/wp-json\/wp\/v2\/users\/46"}],"replies":[{"embeddable":true,"href":"https:\/\/blogs.gazetaesportiva.com\/albertohelena\/wp-json\/wp\/v2\/comments?post=11523"}],"version-history":[{"count":0,"href":"https:\/\/blogs.gazetaesportiva.com\/albertohelena\/wp-json\/wp\/v2\/posts\/11523\/revisions"}],"wp:featuredmedia":[{"embeddable":true,"href":"https:\/\/blogs.gazetaesportiva.com\/albertohelena\/wp-json\/wp\/v2\/media\/11524"}],"wp:attachment":[{"href":"https:\/\/blogs.gazetaesportiva.com\/albertohelena\/wp-json\/wp\/v2\/media?parent=11523"}],"wp:term":[{"taxonomy":"category","embeddable":true,"href":"https:\/\/blogs.gazetaesportiva.com\/albertohelena\/wp-json\/wp\/v2\/categories?post=11523"},{"taxonomy":"post_tag","embeddable":true,"href":"https:\/\/blogs.gazetaesportiva.com\/albertohelena\/wp-json\/wp\/v2\/tags?post=11523"}],"curies":[{"name":"wp","href":"https:\/\/api.w.org\/{rel}","templated":true}]}}