{"id":11518,"date":"2019-09-04T23:56:31","date_gmt":"2019-09-05T02:56:31","guid":{"rendered":"https:\/\/blogs.gazetaesportiva.com\/albertohelena\/?p=11518"},"modified":"2019-09-05T00:09:38","modified_gmt":"2019-09-05T03:09:38","slug":"o-furacao-e-o-inter-cacando-a-raposa","status":"publish","type":"post","link":"https:\/\/blogs.gazetaesportiva.com\/albertohelena\/2019\/09\/04\/o-furacao-e-o-inter-cacando-a-raposa\/","title":{"rendered":"O Furac\u00e3o e o Inter ca\u00e7ando a Raposa"},"content":{"rendered":"<figure id=\"attachment_11520\" aria-describedby=\"caption-attachment-11520\" style=\"width: 640px\" class=\"wp-caption aligncenter\"><a href=\"https:\/\/blogs.gazetaesportiva.com\/albertohelena\/files\/2019\/09\/foto_20190904224306.jpg\"><img loading=\"lazy\" decoding=\"async\" data-attachment-id=\"11520\" data-permalink=\"https:\/\/blogs.gazetaesportiva.com\/albertohelena\/2019\/09\/04\/o-furacao-e-o-inter-cacando-a-raposa\/foto_20190904224306\/\" data-orig-file=\"https:\/\/blogs.gazetaesportiva.com\/albertohelena\/files\/2019\/09\/foto_20190904224306.jpg\" data-orig-size=\"5215,3477\" data-comments-opened=\"1\" data-image-meta=\"{&quot;aperture&quot;:&quot;0&quot;,&quot;credit&quot;:&quot;&quot;,&quot;camera&quot;:&quot;&quot;,&quot;caption&quot;:&quot;&quot;,&quot;created_timestamp&quot;:&quot;0&quot;,&quot;copyright&quot;:&quot;&quot;,&quot;focal_length&quot;:&quot;0&quot;,&quot;iso&quot;:&quot;0&quot;,&quot;shutter_speed&quot;:&quot;0&quot;,&quot;title&quot;:&quot;&quot;,&quot;orientation&quot;:&quot;0&quot;}\" data-image-title=\"foto_20190904224306\" data-image-description=\"\" data-image-caption=\"&lt;p&gt;Foto: Ricardo Duarte\/SCI&lt;\/p&gt;\n\" data-medium-file=\"https:\/\/blogs.gazetaesportiva.com\/albertohelena\/files\/2019\/09\/foto_20190904224306-300x200.jpg\" data-large-file=\"https:\/\/blogs.gazetaesportiva.com\/albertohelena\/files\/2019\/09\/foto_20190904224306-1024x683.jpg\" class=\"size-large wp-image-11520\" src=\"https:\/\/blogs.gazetaesportiva.com\/albertohelena\/files\/2019\/09\/foto_20190904224306-1024x683.jpg\" alt=\"\" width=\"640\" height=\"427\" srcset=\"https:\/\/blogs.gazetaesportiva.com\/albertohelena\/files\/2019\/09\/foto_20190904224306-1024x683.jpg 1024w, https:\/\/blogs.gazetaesportiva.com\/albertohelena\/files\/2019\/09\/foto_20190904224306-300x200.jpg 300w, https:\/\/blogs.gazetaesportiva.com\/albertohelena\/files\/2019\/09\/foto_20190904224306-768x512.jpg 768w, https:\/\/blogs.gazetaesportiva.com\/albertohelena\/files\/2019\/09\/foto_20190904224306-120x80.jpg 120w\" sizes=\"auto, (max-width: 640px) 100vw, 640px\" \/><\/a><figcaption id=\"caption-attachment-11520\" class=\"wp-caption-text\">Foto: Ricardo Duarte\/SCI<\/figcaption><\/figure>\n<p>Logo no in\u00edcio desta noite de quarta, o Furac\u00e3o varreu da Copa do Brasil o poderoso Gr\u00eamio, na Baixada, para, mais tarde, o Inter ca\u00e7ar a Raposa sem piedade.<\/p>\n<p>Na Baixada, tudo come\u00e7ou logo aos 14 minutos de jogo, quando Leonardo se machuca e cede seus posto pra Galhardo. O lateral entrou t\u00e3o mal que por seu setor o Inter abriu o placar, com Nik\u00e3o colhendo rebote do travess\u00e3o.<\/p>\n<p>Vale lembrar que o CAP estava desfalcado de um time inteiro, entre reservas e titulares. Contudo, bastou ao Gr\u00eamio n\u00e3o contar com apenas dois jogadores pra que ficasse n\u00edtida a import\u00e2ncia decisiva dessa dupla. Refiro-me a Maicon, com seu poder de controlar o jogo tricolor, e Cebolinha, o nome do Brasil atual.<\/p>\n<p>Assim, o Furac\u00e3o continuou a soprar sobre a \u00e1rea gremista at\u00e9 que, aos 3 minutos do segundo tempo, Marco Ruben, de cabe\u00e7a fechasse o placar, levando a decis\u00e3o para os p\u00eanaltis, o que lhe abriu as portas da decis\u00e3o da Copa do Brasil diante do Inter.<\/p>\n<p>J\u00e1 o Colorado, em casa festiva, podia at\u00e9 perder para o Cruzeiro por um gol de direren\u00e7a. Fez tr\u00eas, dois de Guerrero e um de Eden\u00edlson, de cavadinha. E olhe que poderia ter sido de mais, caso Nico Lopez n\u00e3o jogasse \u00e0s nuvens uma chance de ouro no finalzinho.<\/p>\n<p>Dois bons jogos, diga-se, em que as quatro equipes buscaram o tempo todo jogar bola e n\u00e3o emperrar tudo com aquelas tantas faltinhas, empurra-empurra, reclama\u00e7\u00f5es com os ju\u00edzes, cera e tudo o mais que se v\u00ea com frequ\u00eancia no atual futebol brasileiro.<\/p>\n<p>&nbsp;<\/p>\n<p>&nbsp;<\/p>\n<p>&nbsp;<\/p>\n","protected":false},"excerpt":{"rendered":"<p>Logo no in\u00edcio desta noite de quarta, o Furac\u00e3o varreu da Copa do Brasil o poderoso Gr\u00eamio, na Baixada, para, mais tarde, o Inter ca\u00e7ar <a class=\"read-more\" href=\"https:\/\/blogs.gazetaesportiva.com\/albertohelena\/2019\/09\/04\/o-furacao-e-o-inter-cacando-a-raposa\/\">leia mais<\/a><\/p>\n","protected":false},"author":46,"featured_media":11520,"comment_status":"open","ping_status":"open","sticky":false,"template":"","format":"standard","meta":{"_jetpack_newsletter_access":"","_jetpack_dont_email_post_to_subs":false,"_jetpack_newsletter_tier_id":0,"_jetpack_memberships_contains_paywalled_content":false,"_jetpack_memberships_contains_paid_content":false,"footnotes":""},"categories":[1],"tags":[],"class_list":["post-11518","post","type-post","status-publish","format-standard","has-post-thumbnail","hentry","category-sem-categoria"],"jetpack_featured_media_url":"https:\/\/blogs.gazetaesportiva.com\/albertohelena\/files\/2019\/09\/foto_20190904224306.jpg","jetpack_sharing_enabled":true,"jetpack_shortlink":"https:\/\/wp.me\/pekB7q-2ZM","_links":{"self":[{"href":"https:\/\/blogs.gazetaesportiva.com\/albertohelena\/wp-json\/wp\/v2\/posts\/11518","targetHints":{"allow":["GET"]}}],"collection":[{"href":"https:\/\/blogs.gazetaesportiva.com\/albertohelena\/wp-json\/wp\/v2\/posts"}],"about":[{"href":"https:\/\/blogs.gazetaesportiva.com\/albertohelena\/wp-json\/wp\/v2\/types\/post"}],"author":[{"embeddable":true,"href":"https:\/\/blogs.gazetaesportiva.com\/albertohelena\/wp-json\/wp\/v2\/users\/46"}],"replies":[{"embeddable":true,"href":"https:\/\/blogs.gazetaesportiva.com\/albertohelena\/wp-json\/wp\/v2\/comments?post=11518"}],"version-history":[{"count":0,"href":"https:\/\/blogs.gazetaesportiva.com\/albertohelena\/wp-json\/wp\/v2\/posts\/11518\/revisions"}],"wp:featuredmedia":[{"embeddable":true,"href":"https:\/\/blogs.gazetaesportiva.com\/albertohelena\/wp-json\/wp\/v2\/media\/11520"}],"wp:attachment":[{"href":"https:\/\/blogs.gazetaesportiva.com\/albertohelena\/wp-json\/wp\/v2\/media?parent=11518"}],"wp:term":[{"taxonomy":"category","embeddable":true,"href":"https:\/\/blogs.gazetaesportiva.com\/albertohelena\/wp-json\/wp\/v2\/categories?post=11518"},{"taxonomy":"post_tag","embeddable":true,"href":"https:\/\/blogs.gazetaesportiva.com\/albertohelena\/wp-json\/wp\/v2\/tags?post=11518"}],"curies":[{"name":"wp","href":"https:\/\/api.w.org\/{rel}","templated":true}]}}