{"id":11516,"date":"2019-09-03T20:15:27","date_gmt":"2019-09-03T23:15:27","guid":{"rendered":"https:\/\/blogs.gazetaesportiva.com\/albertohelena\/?p=11516"},"modified":"2019-09-03T20:33:53","modified_gmt":"2019-09-03T23:33:53","slug":"mano-um-passo-a-frente","status":"publish","type":"post","link":"https:\/\/blogs.gazetaesportiva.com\/albertohelena\/2019\/09\/03\/mano-um-passo-a-frente\/","title":{"rendered":"Mano, um passo \u00e0 frente"},"content":{"rendered":"<figure id=\"attachment_11517\" aria-describedby=\"caption-attachment-11517\" style=\"width: 640px\" class=\"wp-caption aligncenter\"><a href=\"https:\/\/blogs.gazetaesportiva.com\/albertohelena\/files\/2019\/09\/48310849007_159685395c_h.jpg\"><img loading=\"lazy\" decoding=\"async\" data-attachment-id=\"11517\" data-permalink=\"https:\/\/blogs.gazetaesportiva.com\/albertohelena\/2019\/09\/03\/mano-um-passo-a-frente\/belo-horizonte-brasil-17-07-2019-atletico-mg-x-cruzeiro\/\" data-orig-file=\"https:\/\/blogs.gazetaesportiva.com\/albertohelena\/files\/2019\/09\/48310849007_159685395c_h.jpg\" data-orig-size=\"1600,1067\" data-comments-opened=\"1\" data-image-meta=\"{&quot;aperture&quot;:&quot;0&quot;,&quot;credit&quot;:&quot;Vinnicius Silva&quot;,&quot;camera&quot;:&quot;&quot;,&quot;caption&quot;:&quot;BELO HORIZONTE \\\/ BRASIL (17.07.2019) Atl\\u00e9tico-MG x Cruzeiro, segundo jogo das quartas de final da Copa do Brasil 2019, no Independ\\u00eancia, em Belo Horizonte\\\/MG. Foto: Vinnicius Silva\\\/Cruzeiro IMPORTANTE: Imagem destinada a uso institucional e divulga\\u00e7\\u00e3o, seu uso comercial est\\u00e1 vetado incondicionalmente por seu autor e o Cruzeiro Esporte Clube. IMPORTANT: image intended for institutional use and distribution. Commercial use is prohibited unconditionally by its author and Cruzeiro Esporte Clube.&quot;,&quot;created_timestamp&quot;:&quot;1503551334&quot;,&quot;copyright&quot;:&quot;Vinnicius Silva\\\/Cruzeiro&quot;,&quot;focal_length&quot;:&quot;0&quot;,&quot;iso&quot;:&quot;0&quot;,&quot;shutter_speed&quot;:&quot;0&quot;,&quot;title&quot;:&quot;BELO HORIZONTE \\\/ BRASIL (17.07.2019) Atl\\u00e9tico-MG x Cruzeiro&quot;,&quot;orientation&quot;:&quot;0&quot;}\" data-image-title=\"BELO HORIZONTE \/ BRASIL (17.07.2019) Atl\u00e9tico-MG x Cruzeiro\" data-image-description=\"\" data-image-caption=\"&lt;p&gt;Foto: Vinnicius Silva\/CEC&lt;\/p&gt;\n\" data-medium-file=\"https:\/\/blogs.gazetaesportiva.com\/albertohelena\/files\/2019\/09\/48310849007_159685395c_h-300x200.jpg\" data-large-file=\"https:\/\/blogs.gazetaesportiva.com\/albertohelena\/files\/2019\/09\/48310849007_159685395c_h-1024x683.jpg\" class=\"size-large wp-image-11517\" src=\"https:\/\/blogs.gazetaesportiva.com\/albertohelena\/files\/2019\/09\/48310849007_159685395c_h-1024x683.jpg\" alt=\"\" width=\"640\" height=\"427\" srcset=\"https:\/\/blogs.gazetaesportiva.com\/albertohelena\/files\/2019\/09\/48310849007_159685395c_h-1024x683.jpg 1024w, https:\/\/blogs.gazetaesportiva.com\/albertohelena\/files\/2019\/09\/48310849007_159685395c_h-300x200.jpg 300w, https:\/\/blogs.gazetaesportiva.com\/albertohelena\/files\/2019\/09\/48310849007_159685395c_h-768x512.jpg 768w, https:\/\/blogs.gazetaesportiva.com\/albertohelena\/files\/2019\/09\/48310849007_159685395c_h-120x80.jpg 120w, https:\/\/blogs.gazetaesportiva.com\/albertohelena\/files\/2019\/09\/48310849007_159685395c_h.jpg 1600w\" sizes=\"auto, (max-width: 640px) 100vw, 640px\" \/><\/a><figcaption id=\"caption-attachment-11517\" class=\"wp-caption-text\">Foto: Vinnicius Silva\/CEC<\/figcaption><\/figure>\n<p>Quando assumiu a Sele\u00e7\u00e3o Brasileira, Mano deu as boas novas: o Brasil seria protagonista de novo. Traduzindo, pra usar um termo em moda, reativo. Ou seja: aquele time de futebol fosco, mais preocupado em se defender do em atacar com ci\u00eancia e arte. E, de fato, isso ocorreu na sua estreia contra os EUA, quando Ganso e Neymar deram o tom.<\/p>\n<p>Mas, Ganso logo em seguida se machucou e n\u00e3o mais voltou a ser o mesmo meia genial de passes imprevis\u00edveis e acurada vis\u00e3o de jogo.<\/p>\n<p>Consequ\u00eancia, aos poucos, o Brasil foi refluindo ao lugar-comum daquilo que treinadores e m\u00eddia chamam eufemisticamente, de <em>equil\u00edbrio<\/em>. Isto \u00e9: um time equilibrado teria a divis\u00e3o dos dez jogadores de linha em cinco mais defensivos e cinco mais ofensivos. Isso, por\u00e9m, n\u00e3o se d\u00e1 com a presen\u00e7a de dois volantes, o que escamoteia ou um meia ou um avante. Resultado: 6 a 4 pra defesa contra o ataque.\u00a0 No sentido contr\u00e1rio, por exemplo, caminham o Fla de Jesus e o Santos de Sampaoli, n\u00e3o por acaso l\u00edderes do Brasileir\u00e3o.<\/p>\n<p>Contudo, j\u00e1 na sua despedida da Sele\u00e7\u00e3o, Mano havia encontrado uma solu\u00e7\u00e3o para esse desequil\u00edbrio.<\/p>\n<p>No Cruzeiro, embora sem, obviamente, dispor de craques excepcionais, Mano conseguiu, em tr\u00eas anos de a\u00e7\u00e3o levar seu time a conquistar quatro t\u00edtulos jogando um futebol aceit\u00e1vel, ainda que sem grandes destaques no Brasileir\u00e3o.<\/p>\n<p>Por fim, a queda tr\u00e1gica nesta temporada, em que a Raposa somou dezoito jogos sem vit\u00f3ria e um escasso n\u00famero de gols produzidos, o que levou Mano a pedir demiss\u00e3o.<\/p>\n<p>Chega agora a um Palmeiras em queda livre depois de in\u00edcio espetacular, em termos de resultados, sob o comando de Felip\u00e3o. E chega crivado de rejei\u00e7\u00e3o por parte do torcedor verde j\u00e1 enjoado de ver um time estrelado se comportando em campo como um zero \u00e0 esquerda, \u00e0 base de chut\u00f5es pra frente,sem outro recurso, jogo ap\u00f3s jogo.<\/p>\n<p>E \u00e9 a\u00ed que recai a rejei\u00e7\u00e3o do torcedor \u00e0 chegada de Mano: \u00e9 mais do mesmo.<\/p>\n<p>Mais ou menos, diria. Embora ref\u00e9m da Escola Ga\u00facha que tomou conta do mercado de treinadores no pa\u00eds, Mano sabe dar um pouco mais de equil\u00edbrio em suas equipes, na passagem de bola da defesa ao ataque, com a bichinha trabalhada em vez dos chut\u00f5es felipescos.<\/p>\n<p>Poderia, claro, romper de vez a barreira entre o lugar-comum enraizado no nosso futebol em geral com o elenco que possui, tendo o Flamengo de Jesus como exemplo. Mas, Mano \u00e9 um tipo cauteloso, que certamente pisar\u00e1 devagar em terras desconhecidas e minadas.<\/p>\n<p>Mas, de qualquer forma, espero por uma melhora progressiva do desempenho do Verd\u00e3o daqui pra frente, pois Felip\u00e3o j\u00e1 esgotara a paci\u00eancia at\u00e9 de seus maiores defensores.<\/p>\n<p>&nbsp;<\/p>\n","protected":false},"excerpt":{"rendered":"<p>Quando assumiu a Sele\u00e7\u00e3o Brasileira, Mano deu as boas novas: o Brasil seria protagonista de novo. Traduzindo, pra usar um termo em moda, reativo. Ou <a class=\"read-more\" href=\"https:\/\/blogs.gazetaesportiva.com\/albertohelena\/2019\/09\/03\/mano-um-passo-a-frente\/\">leia mais<\/a><\/p>\n","protected":false},"author":46,"featured_media":11517,"comment_status":"open","ping_status":"open","sticky":false,"template":"","format":"standard","meta":{"_jetpack_newsletter_access":"","_jetpack_dont_email_post_to_subs":false,"_jetpack_newsletter_tier_id":0,"_jetpack_memberships_contains_paywalled_content":false,"_jetpack_memberships_contains_paid_content":false,"footnotes":""},"categories":[11],"tags":[],"class_list":["post-11516","post","type-post","status-publish","format-standard","has-post-thumbnail","hentry","category-palmeiras"],"jetpack_featured_media_url":"https:\/\/blogs.gazetaesportiva.com\/albertohelena\/files\/2019\/09\/48310849007_159685395c_h.jpg","jetpack_sharing_enabled":true,"jetpack_shortlink":"https:\/\/wp.me\/pekB7q-2ZK","_links":{"self":[{"href":"https:\/\/blogs.gazetaesportiva.com\/albertohelena\/wp-json\/wp\/v2\/posts\/11516","targetHints":{"allow":["GET"]}}],"collection":[{"href":"https:\/\/blogs.gazetaesportiva.com\/albertohelena\/wp-json\/wp\/v2\/posts"}],"about":[{"href":"https:\/\/blogs.gazetaesportiva.com\/albertohelena\/wp-json\/wp\/v2\/types\/post"}],"author":[{"embeddable":true,"href":"https:\/\/blogs.gazetaesportiva.com\/albertohelena\/wp-json\/wp\/v2\/users\/46"}],"replies":[{"embeddable":true,"href":"https:\/\/blogs.gazetaesportiva.com\/albertohelena\/wp-json\/wp\/v2\/comments?post=11516"}],"version-history":[{"count":0,"href":"https:\/\/blogs.gazetaesportiva.com\/albertohelena\/wp-json\/wp\/v2\/posts\/11516\/revisions"}],"wp:featuredmedia":[{"embeddable":true,"href":"https:\/\/blogs.gazetaesportiva.com\/albertohelena\/wp-json\/wp\/v2\/media\/11517"}],"wp:attachment":[{"href":"https:\/\/blogs.gazetaesportiva.com\/albertohelena\/wp-json\/wp\/v2\/media?parent=11516"}],"wp:term":[{"taxonomy":"category","embeddable":true,"href":"https:\/\/blogs.gazetaesportiva.com\/albertohelena\/wp-json\/wp\/v2\/categories?post=11516"},{"taxonomy":"post_tag","embeddable":true,"href":"https:\/\/blogs.gazetaesportiva.com\/albertohelena\/wp-json\/wp\/v2\/tags?post=11516"}],"curies":[{"name":"wp","href":"https:\/\/api.w.org\/{rel}","templated":true}]}}