{"id":11474,"date":"2019-08-17T23:26:54","date_gmt":"2019-08-18T02:26:54","guid":{"rendered":"https:\/\/blogs.gazetaesportiva.com\/albertohelena\/?p=11474"},"modified":"2019-08-17T23:45:26","modified_gmt":"2019-08-18T02:45:26","slug":"bolas-trocadas-e-o-verdao-parado","status":"publish","type":"post","link":"https:\/\/blogs.gazetaesportiva.com\/albertohelena\/2019\/08\/17\/bolas-trocadas-e-o-verdao-parado\/","title":{"rendered":"Bolas trocadas e o Verd\u00e3o parado"},"content":{"rendered":"<figure id=\"attachment_11476\" aria-describedby=\"caption-attachment-11476\" style=\"width: 640px\" class=\"wp-caption aligncenter\"><a href=\"https:\/\/blogs.gazetaesportiva.com\/albertohelena\/files\/2019\/08\/gremio_palmeirasbal.jpg\"><img loading=\"lazy\" decoding=\"async\" data-attachment-id=\"11476\" data-permalink=\"https:\/\/blogs.gazetaesportiva.com\/albertohelena\/2019\/08\/17\/bolas-trocadas-e-o-verdao-parado\/gremio_palmeirasbal\/\" data-orig-file=\"https:\/\/blogs.gazetaesportiva.com\/albertohelena\/files\/2019\/08\/gremio_palmeirasbal.jpg\" data-orig-size=\"1200,800\" data-comments-opened=\"1\" data-image-meta=\"{&quot;aperture&quot;:&quot;0&quot;,&quot;credit&quot;:&quot;&quot;,&quot;camera&quot;:&quot;&quot;,&quot;caption&quot;:&quot;&quot;,&quot;created_timestamp&quot;:&quot;0&quot;,&quot;copyright&quot;:&quot;&quot;,&quot;focal_length&quot;:&quot;0&quot;,&quot;iso&quot;:&quot;0&quot;,&quot;shutter_speed&quot;:&quot;0&quot;,&quot;title&quot;:&quot;&quot;,&quot;orientation&quot;:&quot;1&quot;}\" data-image-title=\"gremio_palmeirasbal\" data-image-description=\"\" data-image-caption=\"&lt;p&gt;Foto: Lucas Uebel\/Gr\u00eamio&lt;\/p&gt;\n\" data-medium-file=\"https:\/\/blogs.gazetaesportiva.com\/albertohelena\/files\/2019\/08\/gremio_palmeirasbal-300x200.jpg\" data-large-file=\"https:\/\/blogs.gazetaesportiva.com\/albertohelena\/files\/2019\/08\/gremio_palmeirasbal-1024x683.jpg\" class=\"size-large wp-image-11476\" src=\"https:\/\/blogs.gazetaesportiva.com\/albertohelena\/files\/2019\/08\/gremio_palmeirasbal-1024x683.jpg\" alt=\"\" width=\"640\" height=\"427\" srcset=\"https:\/\/blogs.gazetaesportiva.com\/albertohelena\/files\/2019\/08\/gremio_palmeirasbal-1024x683.jpg 1024w, https:\/\/blogs.gazetaesportiva.com\/albertohelena\/files\/2019\/08\/gremio_palmeirasbal-300x200.jpg 300w, https:\/\/blogs.gazetaesportiva.com\/albertohelena\/files\/2019\/08\/gremio_palmeirasbal-768x512.jpg 768w, https:\/\/blogs.gazetaesportiva.com\/albertohelena\/files\/2019\/08\/gremio_palmeirasbal-120x80.jpg 120w, https:\/\/blogs.gazetaesportiva.com\/albertohelena\/files\/2019\/08\/gremio_palmeirasbal.jpg 1200w\" sizes=\"auto, (max-width: 640px) 100vw, 640px\" \/><\/a><figcaption id=\"caption-attachment-11476\" class=\"wp-caption-text\">Foto: Lucas Uebel\/Gr\u00eamio<\/figcaption><\/figure>\n<p>Antigamente, antes do jogo principal, havia o confronto entre aspirantes das duas equipes, o que hoje chamamos de mist\u00e3o entre jovens promessas e reservas imediatos, j\u00e1 que n\u00e3o havia trocas de jogadores durante as partidas.<\/p>\n<p>Eram, em geral jogos t\u00e3o interessantes que faziam o torcedor trocar o macarr\u00e3o da <em>mamma<\/em> pela pizza noturna s\u00f3 pra chegar ao Pacaembu mais cedo e apreciar, por exemplo o talento de um Rivellino. garoto ainda.<\/p>\n<p>Neste s\u00e1bado trocaram as bolas. O jogo principal, em termos de emo\u00e7\u00e3o e t\u00e9cnica esmerada, aconteceu antes dos aspirantes, no Man\u00e9 Garrincha, onde o Flamengo prestou digna homenagem ao inspirador do nome do est\u00e1dio, massacrando seu maior rival dom\u00e9stico, o Vasco, por 4 a 1.<\/p>\n<p>S\u00f3 depois desse belo espet\u00e1culo \u00e9 que entraram no campo do Gr\u00eamio os aspirantes do time da casa e do Palmeiras.<\/p>\n<p>Foi, c\u00e1 entre n\u00f3s, um convite ao sono. Com seus times reservas, Tricolor e Verd\u00e3o passaram o tempo todo sem oferecer mais do que tr\u00eas ou quatro momentos de emo\u00e7\u00e3o.<\/p>\n<p>Dois deles foram os gols do empate por 1 a 1, o de Dudu, aos 15 do primeiro tempo, e David Braz, um petardo disparado de fora da \u00e1rea no \u00e2ngulo de Weverton, aos 43 minutos da etapa final.<\/p>\n<p>Bem que o Gr\u00eamio teve o controle da bola a maior parte do tempo, enquanto o Palmeiras seguia a cartilha de Felip\u00e3o, j\u00e1 t\u00e3o amarelecida pelo tempo que nem d\u00e1 pra distinguir os caracteres. Mas, pra qu\u00ea, se j\u00e1 est\u00e1 entranhada no futebol brasileiro at\u00e9 a espinha dorsal?<\/p>\n<p>Dessa forma, enquanto o Flamengo d\u00e1 um salto em dire\u00e7\u00e3o \u00e0 vice-lideran\u00e7a, o Verd\u00e3o que j\u00e1 desfrutou de larga vantagem no topo, segue marcando passo no Brasileir\u00e3o, de olho, a exemplo do Gr\u00eamio, na Libertadores.<\/p>\n<p><em>Quiz\u00e1, quiz\u00e1, quiz\u00e1,<\/em> canta o velho bolero.<\/p>\n<p>&nbsp;<\/p>\n","protected":false},"excerpt":{"rendered":"<p>Antigamente, antes do jogo principal, havia o confronto entre aspirantes das duas equipes, o que hoje chamamos de mist\u00e3o entre jovens promessas e reservas imediatos, <a class=\"read-more\" href=\"https:\/\/blogs.gazetaesportiva.com\/albertohelena\/2019\/08\/17\/bolas-trocadas-e-o-verdao-parado\/\">leia mais<\/a><\/p>\n","protected":false},"author":46,"featured_media":11477,"comment_status":"open","ping_status":"open","sticky":false,"template":"","format":"standard","meta":{"_jetpack_newsletter_access":"","_jetpack_dont_email_post_to_subs":false,"_jetpack_newsletter_tier_id":0,"_jetpack_memberships_contains_paywalled_content":false,"_jetpack_memberships_contains_paid_content":false,"footnotes":""},"categories":[1],"tags":[],"class_list":["post-11474","post","type-post","status-publish","format-standard","has-post-thumbnail","hentry","category-sem-categoria"],"jetpack_featured_media_url":"https:\/\/blogs.gazetaesportiva.com\/albertohelena\/files\/2019\/08\/gremio_palmeirasbal-1.jpg","jetpack_sharing_enabled":true,"jetpack_shortlink":"https:\/\/wp.me\/pekB7q-2Z4","_links":{"self":[{"href":"https:\/\/blogs.gazetaesportiva.com\/albertohelena\/wp-json\/wp\/v2\/posts\/11474","targetHints":{"allow":["GET"]}}],"collection":[{"href":"https:\/\/blogs.gazetaesportiva.com\/albertohelena\/wp-json\/wp\/v2\/posts"}],"about":[{"href":"https:\/\/blogs.gazetaesportiva.com\/albertohelena\/wp-json\/wp\/v2\/types\/post"}],"author":[{"embeddable":true,"href":"https:\/\/blogs.gazetaesportiva.com\/albertohelena\/wp-json\/wp\/v2\/users\/46"}],"replies":[{"embeddable":true,"href":"https:\/\/blogs.gazetaesportiva.com\/albertohelena\/wp-json\/wp\/v2\/comments?post=11474"}],"version-history":[{"count":0,"href":"https:\/\/blogs.gazetaesportiva.com\/albertohelena\/wp-json\/wp\/v2\/posts\/11474\/revisions"}],"wp:featuredmedia":[{"embeddable":true,"href":"https:\/\/blogs.gazetaesportiva.com\/albertohelena\/wp-json\/wp\/v2\/media\/11477"}],"wp:attachment":[{"href":"https:\/\/blogs.gazetaesportiva.com\/albertohelena\/wp-json\/wp\/v2\/media?parent=11474"}],"wp:term":[{"taxonomy":"category","embeddable":true,"href":"https:\/\/blogs.gazetaesportiva.com\/albertohelena\/wp-json\/wp\/v2\/categories?post=11474"},{"taxonomy":"post_tag","embeddable":true,"href":"https:\/\/blogs.gazetaesportiva.com\/albertohelena\/wp-json\/wp\/v2\/tags?post=11474"}],"curies":[{"name":"wp","href":"https:\/\/api.w.org\/{rel}","templated":true}]}}