{"id":11471,"date":"2019-08-17T19:24:55","date_gmt":"2019-08-17T22:24:55","guid":{"rendered":"https:\/\/blogs.gazetaesportiva.com\/albertohelena\/?p=11471"},"modified":"2019-08-17T19:35:15","modified_gmt":"2019-08-17T22:35:15","slug":"salve-o-corinthians-esse-corinthians","status":"publish","type":"post","link":"https:\/\/blogs.gazetaesportiva.com\/albertohelena\/2019\/08\/17\/salve-o-corinthians-esse-corinthians\/","title":{"rendered":"Salve o Corinthians. Esse Corinthians."},"content":{"rendered":"<p><a href=\"https:\/\/blogs.gazetaesportiva.com\/albertohelena\/files\/2019\/08\/blogah.jpg\"><img loading=\"lazy\" decoding=\"async\" data-attachment-id=\"11473\" data-permalink=\"https:\/\/blogs.gazetaesportiva.com\/albertohelena\/2019\/08\/17\/salve-o-corinthians-esse-corinthians\/blogah\/\" data-orig-file=\"https:\/\/blogs.gazetaesportiva.com\/albertohelena\/files\/2019\/08\/blogah.jpg\" data-orig-size=\"1200,800\" data-comments-opened=\"1\" data-image-meta=\"{&quot;aperture&quot;:&quot;0&quot;,&quot;credit&quot;:&quot;&quot;,&quot;camera&quot;:&quot;&quot;,&quot;caption&quot;:&quot;&quot;,&quot;created_timestamp&quot;:&quot;0&quot;,&quot;copyright&quot;:&quot;&quot;,&quot;focal_length&quot;:&quot;0&quot;,&quot;iso&quot;:&quot;0&quot;,&quot;shutter_speed&quot;:&quot;0&quot;,&quot;title&quot;:&quot;&quot;,&quot;orientation&quot;:&quot;1&quot;}\" data-image-title=\"blogah\" data-image-description=\"\" data-image-caption=\"\" data-medium-file=\"https:\/\/blogs.gazetaesportiva.com\/albertohelena\/files\/2019\/08\/blogah-300x200.jpg\" data-large-file=\"https:\/\/blogs.gazetaesportiva.com\/albertohelena\/files\/2019\/08\/blogah-1024x683.jpg\" class=\"aligncenter size-large wp-image-11473\" src=\"https:\/\/blogs.gazetaesportiva.com\/albertohelena\/files\/2019\/08\/blogah-1024x683.jpg\" alt=\"\" width=\"640\" height=\"427\" srcset=\"https:\/\/blogs.gazetaesportiva.com\/albertohelena\/files\/2019\/08\/blogah-1024x683.jpg 1024w, https:\/\/blogs.gazetaesportiva.com\/albertohelena\/files\/2019\/08\/blogah-300x200.jpg 300w, https:\/\/blogs.gazetaesportiva.com\/albertohelena\/files\/2019\/08\/blogah-768x512.jpg 768w, https:\/\/blogs.gazetaesportiva.com\/albertohelena\/files\/2019\/08\/blogah-120x80.jpg 120w, https:\/\/blogs.gazetaesportiva.com\/albertohelena\/files\/2019\/08\/blogah.jpg 1200w\" sizes=\"auto, (max-width: 640px) 100vw, 640px\" \/><\/a>Salve o Corinthians&#8230; Ou melhor: salve-se esse Corinthians que bateu o Botafogo por 2 a 0 no arquivo vivo do Brasileir\u00e3o. Nem tanto pela vit\u00f3ria em si, pois jogava em casa e diante de um Glorioso extremamente fragilizado nos \u00faltimos anos. Mas, sim, pelo modo de jogar, o inverso do que o Corinthians de Carille tem nos exibido nesta temporada.<\/p>\n<p>Sobretudo, no primeiro tempo, quando foi um massacre t\u00e1tico e t\u00e9cnico do Mosqueteiro. Tocando a bola com presteza e ci\u00eancia desde o meio de campo, sem entretanto dar espa\u00e7os para contragolpes do advers\u00e1rio, o Tim\u00e3o fez catorze finaliza\u00e7\u00f5es a gol, contra apenas uma do Bota.<\/p>\n<p>Numa delas, Pedrinho recolheu na direita, balan\u00e7ou diante do beque, cortou e cruzou na medida para Boselli disparar um voleio perfeito na altura da marca do p\u00eanalti: 1 a 0, aos 41 minutos do primeiro tempo.<\/p>\n<p>Noutra, aos 11 do segundo per\u00edodo, novamente Pedrinho ataca pela direita, corta pra dentro e dispara; no rebote do goleiro, Everaldo escolhe o canto esquerdo: 2 a 0.<\/p>\n<p>Como se v\u00ea, Pedrinho foi essencial na constru\u00e7\u00e3o do placar. Mas, a verdade \u00e9 que o time todo jogou muito bem, com destaques para o menino Carlos Augusto, Everaldo, muito ativo pela esquerda, e Mateus Vital, na arma\u00e7\u00e3o do meio de campo.<\/p>\n<p>Contudo, tenho c\u00e1 comigo que muito disso se deva \u00e0 presen\u00e7a de Gabriel no lugar de Ralf. Mais leve e m\u00faltiplo na fun\u00e7\u00e3o de primeiro volante, dinamizou o meio de campo corintiano, impulsionando-o \u00e0 frente com passes medidos e vitalidade tanto no combate quanto na sa\u00edda de jogo.<\/p>\n<p>S\u00f3 espero que essa seja a marca da evolu\u00e7\u00e3o do Corinthians e n\u00e3o apenas um lampejo em meio \u00e0 escurid\u00e3o.<\/p>\n","protected":false},"excerpt":{"rendered":"<p>Salve o Corinthians&#8230; Ou melhor: salve-se esse Corinthians que bateu o Botafogo por 2 a 0 no arquivo vivo do Brasileir\u00e3o. Nem tanto pela vit\u00f3ria <a class=\"read-more\" href=\"https:\/\/blogs.gazetaesportiva.com\/albertohelena\/2019\/08\/17\/salve-o-corinthians-esse-corinthians\/\">leia mais<\/a><\/p>\n","protected":false},"author":46,"featured_media":11473,"comment_status":"open","ping_status":"open","sticky":false,"template":"","format":"standard","meta":{"_jetpack_newsletter_access":"","_jetpack_dont_email_post_to_subs":false,"_jetpack_newsletter_tier_id":0,"_jetpack_memberships_contains_paywalled_content":false,"_jetpack_memberships_contains_paid_content":false,"footnotes":""},"categories":[1],"tags":[],"class_list":["post-11471","post","type-post","status-publish","format-standard","has-post-thumbnail","hentry","category-sem-categoria"],"jetpack_featured_media_url":"https:\/\/blogs.gazetaesportiva.com\/albertohelena\/files\/2019\/08\/blogah.jpg","jetpack_sharing_enabled":true,"jetpack_shortlink":"https:\/\/wp.me\/pekB7q-2Z1","_links":{"self":[{"href":"https:\/\/blogs.gazetaesportiva.com\/albertohelena\/wp-json\/wp\/v2\/posts\/11471","targetHints":{"allow":["GET"]}}],"collection":[{"href":"https:\/\/blogs.gazetaesportiva.com\/albertohelena\/wp-json\/wp\/v2\/posts"}],"about":[{"href":"https:\/\/blogs.gazetaesportiva.com\/albertohelena\/wp-json\/wp\/v2\/types\/post"}],"author":[{"embeddable":true,"href":"https:\/\/blogs.gazetaesportiva.com\/albertohelena\/wp-json\/wp\/v2\/users\/46"}],"replies":[{"embeddable":true,"href":"https:\/\/blogs.gazetaesportiva.com\/albertohelena\/wp-json\/wp\/v2\/comments?post=11471"}],"version-history":[{"count":0,"href":"https:\/\/blogs.gazetaesportiva.com\/albertohelena\/wp-json\/wp\/v2\/posts\/11471\/revisions"}],"wp:featuredmedia":[{"embeddable":true,"href":"https:\/\/blogs.gazetaesportiva.com\/albertohelena\/wp-json\/wp\/v2\/media\/11473"}],"wp:attachment":[{"href":"https:\/\/blogs.gazetaesportiva.com\/albertohelena\/wp-json\/wp\/v2\/media?parent=11471"}],"wp:term":[{"taxonomy":"category","embeddable":true,"href":"https:\/\/blogs.gazetaesportiva.com\/albertohelena\/wp-json\/wp\/v2\/categories?post=11471"},{"taxonomy":"post_tag","embeddable":true,"href":"https:\/\/blogs.gazetaesportiva.com\/albertohelena\/wp-json\/wp\/v2\/tags?post=11471"}],"curies":[{"name":"wp","href":"https:\/\/api.w.org\/{rel}","templated":true}]}}