{"id":11469,"date":"2019-08-16T18:59:24","date_gmt":"2019-08-16T21:59:24","guid":{"rendered":"https:\/\/blogs.gazetaesportiva.com\/albertohelena\/?p=11469"},"modified":"2019-08-16T19:08:26","modified_gmt":"2019-08-16T22:08:26","slug":"que-tal-neymar-por-dentro","status":"publish","type":"post","link":"https:\/\/blogs.gazetaesportiva.com\/albertohelena\/2019\/08\/16\/que-tal-neymar-por-dentro\/","title":{"rendered":"Que tal, Neymar por dentro?"},"content":{"rendered":"<figure id=\"attachment_11470\" aria-describedby=\"caption-attachment-11470\" style=\"width: 640px\" class=\"wp-caption aligncenter\"><a href=\"https:\/\/blogs.gazetaesportiva.com\/albertohelena\/files\/2019\/08\/AtacantesII.jpg\"><img loading=\"lazy\" decoding=\"async\" data-attachment-id=\"11470\" data-permalink=\"https:\/\/blogs.gazetaesportiva.com\/albertohelena\/2019\/08\/16\/que-tal-neymar-por-dentro\/atacantesii\/\" data-orig-file=\"https:\/\/blogs.gazetaesportiva.com\/albertohelena\/files\/2019\/08\/AtacantesII.jpg\" data-orig-size=\"1080,819\" data-comments-opened=\"1\" data-image-meta=\"{&quot;aperture&quot;:&quot;0&quot;,&quot;credit&quot;:&quot;&quot;,&quot;camera&quot;:&quot;&quot;,&quot;caption&quot;:&quot;&quot;,&quot;created_timestamp&quot;:&quot;0&quot;,&quot;copyright&quot;:&quot;&quot;,&quot;focal_length&quot;:&quot;0&quot;,&quot;iso&quot;:&quot;0&quot;,&quot;shutter_speed&quot;:&quot;0&quot;,&quot;title&quot;:&quot;&quot;,&quot;orientation&quot;:&quot;1&quot;}\" data-image-title=\"AtacantesII\" data-image-description=\"\" data-image-caption=\"&lt;p&gt;Atacantes (Divulga\u00e7\u00e3o CBF)&lt;\/p&gt;\n\" data-medium-file=\"https:\/\/blogs.gazetaesportiva.com\/albertohelena\/files\/2019\/08\/AtacantesII-300x228.jpg\" data-large-file=\"https:\/\/blogs.gazetaesportiva.com\/albertohelena\/files\/2019\/08\/AtacantesII-1024x777.jpg\" class=\"size-large wp-image-11470\" src=\"https:\/\/blogs.gazetaesportiva.com\/albertohelena\/files\/2019\/08\/AtacantesII-1024x777.jpg\" alt=\"\" width=\"640\" height=\"486\" srcset=\"https:\/\/blogs.gazetaesportiva.com\/albertohelena\/files\/2019\/08\/AtacantesII-1024x777.jpg 1024w, https:\/\/blogs.gazetaesportiva.com\/albertohelena\/files\/2019\/08\/AtacantesII-300x228.jpg 300w, https:\/\/blogs.gazetaesportiva.com\/albertohelena\/files\/2019\/08\/AtacantesII-768x582.jpg 768w, https:\/\/blogs.gazetaesportiva.com\/albertohelena\/files\/2019\/08\/AtacantesII.jpg 1080w\" sizes=\"auto, (max-width: 640px) 100vw, 640px\" \/><\/a><figcaption id=\"caption-attachment-11470\" class=\"wp-caption-text\">Atacantes (Divulga\u00e7\u00e3o CBF)<\/figcaption><\/figure>\n<p>N\u00e3o vou me ater \u00e0s surpresas na convoca\u00e7\u00e3o de Tite para os pr\u00f3ximos amistosos &#8211; o goleiro Ivan, da Ponte, e Samir, da Udinese -, pois nunca vi ambos jogarem. Nem mesmo sei se s\u00e3o jovens o suficiente pra que a Sele\u00e7\u00e3o os acolha com vistas ao futuro. Esse, por exemplo, \u00e9 o caso de Jorge, lateral-esquerdo revelado pelo Flamengo, ora no Santos, onde vem atuando muito bem.<\/p>\n<p>Assim como, para muitos do rebanho anti-Neymar, sua chamada tamb\u00e9m foi uma surpresa.<\/p>\n<p>Afinal, o craque n\u00e3o vem jogando, em fun\u00e7\u00e3o das contus\u00f5es s\u00e9rias sofridas e das desaven\u00e7as com o PSG. N\u00e3o vem jogando, mas joga como nenhum outro nesta p\u00e1tria amada senil, que caminha celeremente em dire\u00e7\u00e3o \u00e0 Idade M\u00e9dia, primeiro est\u00e1gio at\u00e9 \u00e0s cavernas, com tantos trogloditas em a\u00e7\u00e3o\u00a0 nas esferas mais altas do pa\u00eds.<\/p>\n<p>Ali\u00e1s, pela linha das convoca\u00e7\u00f5es, com tantos atacantes bons, apesar da aus\u00eancia de Cebolinha, seria a chance de testar Neymar onde justamente nos falta ci\u00eancia e arte &#8211; a arma\u00e7\u00e3o do meio de campo.<\/p>\n<p>Mais uma vez Tite se equivoca no chamado dos meio-campistas, setor onde abundam volantes e escasseiam os meias de arma\u00e7\u00e3o t\u00edpicos. S\u00e3o quatro volantes (Casemiro, Alan, Artur e Fabinho) pra dois meias cujo estilo \u00e9 mais ofensivo do que de organiza\u00e7\u00e3o das jogadas (Paquet\u00e1 e Coutinho).<\/p>\n<p>Parece que meu querido Tite, excelente treinador, ainda n\u00e3o afinou seu olhar pra isso. Ali\u00e1s, como a imensa maioria dos nossos t\u00e9cnicos de campo e comentaristas atados ao dogma dos dois volantes que elimina a figura primordial do meia-armador.<\/p>\n<p>Justamente por isso, vale a experi\u00eancia com Neymar nessa fun\u00e7\u00e3o, por dentro, armando as jogadas para seu ataque, e chegando \u00e0 \u00e1rea com a presteza e o faro de gol que lhe s\u00e3o peculiares. O que a prop\u00f3sito, abriria espa\u00e7o para uma linha de ataque formada, digamos, por Neres, Richarlison e Vinicius Jr., que ainda n\u00e3o foi devidamente testado na Sele\u00e7\u00e3o.<\/p>\n<p>\u00c9 uma ideia, que, suponho, seja descartada pelo conservadorismo do nosso Tite., embora, mais cedo ou mais tarde, esse ser\u00e1 o destino de Neymar. Pra que, ent\u00e3o, perder tempo?<\/p>\n<p>Enfim, \u00e9 esperar pra ver.<\/p>\n<p>&nbsp;<\/p>\n<p>&nbsp;<\/p>\n","protected":false},"excerpt":{"rendered":"<p>N\u00e3o vou me ater \u00e0s surpresas na convoca\u00e7\u00e3o de Tite para os pr\u00f3ximos amistosos &#8211; o goleiro Ivan, da Ponte, e Samir, da Udinese -, <a class=\"read-more\" href=\"https:\/\/blogs.gazetaesportiva.com\/albertohelena\/2019\/08\/16\/que-tal-neymar-por-dentro\/\">leia mais<\/a><\/p>\n","protected":false},"author":46,"featured_media":11470,"comment_status":"open","ping_status":"open","sticky":false,"template":"","format":"standard","meta":{"_jetpack_newsletter_access":"","_jetpack_dont_email_post_to_subs":false,"_jetpack_newsletter_tier_id":0,"_jetpack_memberships_contains_paywalled_content":false,"_jetpack_memberships_contains_paid_content":false,"footnotes":""},"categories":[1],"tags":[],"class_list":["post-11469","post","type-post","status-publish","format-standard","has-post-thumbnail","hentry","category-sem-categoria"],"jetpack_featured_media_url":"https:\/\/blogs.gazetaesportiva.com\/albertohelena\/files\/2019\/08\/AtacantesII.jpg","jetpack_sharing_enabled":true,"jetpack_shortlink":"https:\/\/wp.me\/pekB7q-2YZ","_links":{"self":[{"href":"https:\/\/blogs.gazetaesportiva.com\/albertohelena\/wp-json\/wp\/v2\/posts\/11469","targetHints":{"allow":["GET"]}}],"collection":[{"href":"https:\/\/blogs.gazetaesportiva.com\/albertohelena\/wp-json\/wp\/v2\/posts"}],"about":[{"href":"https:\/\/blogs.gazetaesportiva.com\/albertohelena\/wp-json\/wp\/v2\/types\/post"}],"author":[{"embeddable":true,"href":"https:\/\/blogs.gazetaesportiva.com\/albertohelena\/wp-json\/wp\/v2\/users\/46"}],"replies":[{"embeddable":true,"href":"https:\/\/blogs.gazetaesportiva.com\/albertohelena\/wp-json\/wp\/v2\/comments?post=11469"}],"version-history":[{"count":0,"href":"https:\/\/blogs.gazetaesportiva.com\/albertohelena\/wp-json\/wp\/v2\/posts\/11469\/revisions"}],"wp:featuredmedia":[{"embeddable":true,"href":"https:\/\/blogs.gazetaesportiva.com\/albertohelena\/wp-json\/wp\/v2\/media\/11470"}],"wp:attachment":[{"href":"https:\/\/blogs.gazetaesportiva.com\/albertohelena\/wp-json\/wp\/v2\/media?parent=11469"}],"wp:term":[{"taxonomy":"category","embeddable":true,"href":"https:\/\/blogs.gazetaesportiva.com\/albertohelena\/wp-json\/wp\/v2\/categories?post=11469"},{"taxonomy":"post_tag","embeddable":true,"href":"https:\/\/blogs.gazetaesportiva.com\/albertohelena\/wp-json\/wp\/v2\/tags?post=11469"}],"curies":[{"name":"wp","href":"https:\/\/api.w.org\/{rel}","templated":true}]}}