{"id":11466,"date":"2019-08-11T18:18:44","date_gmt":"2019-08-11T21:18:44","guid":{"rendered":"https:\/\/blogs.gazetaesportiva.com\/albertohelena\/?p=11466"},"modified":"2019-08-11T18:30:57","modified_gmt":"2019-08-11T21:30:57","slug":"verdao-elas-por-elas","status":"publish","type":"post","link":"https:\/\/blogs.gazetaesportiva.com\/albertohelena\/2019\/08\/11\/verdao-elas-por-elas\/","title":{"rendered":"Verd\u00e3o: elas por elas"},"content":{"rendered":"<figure id=\"attachment_11467\" aria-describedby=\"caption-attachment-11467\" style=\"width: 640px\" class=\"wp-caption aligncenter\"><a href=\"https:\/\/blogs.gazetaesportiva.com\/albertohelena\/files\/2019\/08\/01286724.jpg\"><img loading=\"lazy\" decoding=\"async\" data-attachment-id=\"11467\" data-permalink=\"https:\/\/blogs.gazetaesportiva.com\/albertohelena\/2019\/08\/11\/verdao-elas-por-elas\/palmeiras-x-bahia-campeonato-brasileiro\/\" data-orig-file=\"https:\/\/blogs.gazetaesportiva.com\/albertohelena\/files\/2019\/08\/01286724.jpg\" data-orig-size=\"1903,1269\" data-comments-opened=\"1\" data-image-meta=\"{&quot;aperture&quot;:&quot;4.5&quot;,&quot;credit&quot;:&quot;ADRIANA SPACA&quot;,&quot;camera&quot;:&quot;Canon EOS 5D Mark III&quot;,&quot;caption&quot;:&quot;11.08.2019, S\\u00c3O PAULO, SP - Felipe Melo do Palmeiras  \\u00e9 expulso durante partida entre Palmeiras e Bahia pela 14\\u00aa rodada do Campeonato Brasileiro 2019, no Allianz Parque, na tarde deste domingo, 11. ( Foto:  ADRIANA SPACA \\\/ FRAMEPHOTO \\\/ GAZETA PRESS )&quot;,&quot;created_timestamp&quot;:&quot;1565555866&quot;,&quot;copyright&quot;:&quot;ADRIANA SPACA \\\/ FRAMEPHOTO \\\/ GAZETA PRESS&quot;,&quot;focal_length&quot;:&quot;200&quot;,&quot;iso&quot;:&quot;1000&quot;,&quot;shutter_speed&quot;:&quot;0.001&quot;,&quot;title&quot;:&quot;PALMEIRAS X BAHIA-CAMPEONATO BRASILEIRO&quot;,&quot;orientation&quot;:&quot;0&quot;}\" data-image-title=\"PALMEIRAS X BAHIA-CAMPEONATO BRASILEIRO\" data-image-description=\"\" data-image-caption=\"&lt;p&gt;Foto: Adriana Spaca\/FramePhoto\/GPress&lt;\/p&gt;\n\" data-medium-file=\"https:\/\/blogs.gazetaesportiva.com\/albertohelena\/files\/2019\/08\/01286724-300x200.jpg\" data-large-file=\"https:\/\/blogs.gazetaesportiva.com\/albertohelena\/files\/2019\/08\/01286724-1024x683.jpg\" class=\"size-large wp-image-11467\" src=\"https:\/\/blogs.gazetaesportiva.com\/albertohelena\/files\/2019\/08\/01286724-1024x683.jpg\" alt=\"\" width=\"640\" height=\"427\" srcset=\"https:\/\/blogs.gazetaesportiva.com\/albertohelena\/files\/2019\/08\/01286724-1024x683.jpg 1024w, https:\/\/blogs.gazetaesportiva.com\/albertohelena\/files\/2019\/08\/01286724-300x200.jpg 300w, https:\/\/blogs.gazetaesportiva.com\/albertohelena\/files\/2019\/08\/01286724-768x512.jpg 768w, https:\/\/blogs.gazetaesportiva.com\/albertohelena\/files\/2019\/08\/01286724-120x80.jpg 120w, https:\/\/blogs.gazetaesportiva.com\/albertohelena\/files\/2019\/08\/01286724.jpg 1903w\" sizes=\"auto, (max-width: 640px) 100vw, 640px\" \/><\/a><figcaption id=\"caption-attachment-11467\" class=\"wp-caption-text\">Foto: Adriana Spaca\/FramePhoto\/GPress<\/figcaption><\/figure>\n<p>Algu\u00e9m a\u00ed viu os jogos de s\u00e1bado do Ajax e do Campeonato Ingl\u00eas? Quem viu levante a m\u00e3o e fa\u00e7a seu testemunho sobre o tempo que os ju\u00edzes l\u00e1 levaram a cada consulta ao VAR. Era tip-top, assunto resolvido, p\u00eanalti ou segue o jogo.<\/p>\n<p>E, qualquer que fosse a decis\u00e3o, os jogadores se reposicionavam em campo e bola pra frente.<\/p>\n<p>Agora, reveja o que ocorreu nesta tarde de domingo no Allianz Parque e compare.<\/p>\n<p>A cada decis\u00e3o do juiz, meia hora de espera, sem contar o tempo extra que os jogadores penalizados acrescentavam com reclama\u00e7\u00f5es est\u00e9reis. Bola mesmo que \u00e9 bom, nadica da nada.<\/p>\n<p>Bem que o Verd\u00e3o, na estreia de Lu\u00eds Adriano e no retorno de V\u00edtor Hugo, come\u00e7ou atacando um Bahia ultra desfalcado. Dentre esses desfalques, Artur, o menino emprestado pelo Palmeiras que anda encantando nossos gramados: veloz, h\u00e1bil, inteligente tem sido o maior assistente da temporada, e, na minha opini\u00e3o, o melhor jogador do Brasileir\u00e3o at\u00e9 aqui.<\/p>\n<p>E assim o Verd\u00e3o abriu a contagem com Dudu. Logo, pois, arrecuou os arfos, e ficou ali esperando o tempo passar. Tempo que se abreviou para Felipe Melo, justamente expulso no final do primeiro tempo.<\/p>\n<p>Como a presen\u00e7a de, no m\u00ednimo, dois volantes pra Felip\u00e3o \u00e9 quest\u00e3o de vida ou morte, l\u00e1 vem Tiago Santos, no segundo tempo, o que permitiu ao Bahia passar a assediar o Palmeiras, at\u00e9 empatar, de p\u00eanalti cobrado por Gilberto, que havia perdido gol certo na etapa inicial.<\/p>\n<p>O Verd\u00e3o, por\u00e9m, respondeu de imediato, novamente com Dudu para Gilberto, novamente de p\u00eanalti empatar definitivamente o jogo.<\/p>\n<p>Dessa forma, ficaram elas por elas na briga pela lideran\u00e7a do Brasileir\u00e3o, e o Santos segue \u00e0 frente, com certa folga.<\/p>\n","protected":false},"excerpt":{"rendered":"<p>Algu\u00e9m a\u00ed viu os jogos de s\u00e1bado do Ajax e do Campeonato Ingl\u00eas? Quem viu levante a m\u00e3o e fa\u00e7a seu testemunho sobre o tempo <a class=\"read-more\" href=\"https:\/\/blogs.gazetaesportiva.com\/albertohelena\/2019\/08\/11\/verdao-elas-por-elas\/\">leia mais<\/a><\/p>\n","protected":false},"author":46,"featured_media":11467,"comment_status":"open","ping_status":"open","sticky":false,"template":"","format":"standard","meta":{"_jetpack_newsletter_access":"","_jetpack_dont_email_post_to_subs":false,"_jetpack_newsletter_tier_id":0,"_jetpack_memberships_contains_paywalled_content":false,"_jetpack_memberships_contains_paid_content":false,"footnotes":""},"categories":[11],"tags":[],"class_list":["post-11466","post","type-post","status-publish","format-standard","has-post-thumbnail","hentry","category-palmeiras"],"jetpack_featured_media_url":"https:\/\/blogs.gazetaesportiva.com\/albertohelena\/files\/2019\/08\/01286724.jpg","jetpack_sharing_enabled":true,"jetpack_shortlink":"https:\/\/wp.me\/pekB7q-2YW","_links":{"self":[{"href":"https:\/\/blogs.gazetaesportiva.com\/albertohelena\/wp-json\/wp\/v2\/posts\/11466","targetHints":{"allow":["GET"]}}],"collection":[{"href":"https:\/\/blogs.gazetaesportiva.com\/albertohelena\/wp-json\/wp\/v2\/posts"}],"about":[{"href":"https:\/\/blogs.gazetaesportiva.com\/albertohelena\/wp-json\/wp\/v2\/types\/post"}],"author":[{"embeddable":true,"href":"https:\/\/blogs.gazetaesportiva.com\/albertohelena\/wp-json\/wp\/v2\/users\/46"}],"replies":[{"embeddable":true,"href":"https:\/\/blogs.gazetaesportiva.com\/albertohelena\/wp-json\/wp\/v2\/comments?post=11466"}],"version-history":[{"count":0,"href":"https:\/\/blogs.gazetaesportiva.com\/albertohelena\/wp-json\/wp\/v2\/posts\/11466\/revisions"}],"wp:featuredmedia":[{"embeddable":true,"href":"https:\/\/blogs.gazetaesportiva.com\/albertohelena\/wp-json\/wp\/v2\/media\/11467"}],"wp:attachment":[{"href":"https:\/\/blogs.gazetaesportiva.com\/albertohelena\/wp-json\/wp\/v2\/media?parent=11466"}],"wp:term":[{"taxonomy":"category","embeddable":true,"href":"https:\/\/blogs.gazetaesportiva.com\/albertohelena\/wp-json\/wp\/v2\/categories?post=11466"},{"taxonomy":"post_tag","embeddable":true,"href":"https:\/\/blogs.gazetaesportiva.com\/albertohelena\/wp-json\/wp\/v2\/tags?post=11466"}],"curies":[{"name":"wp","href":"https:\/\/api.w.org\/{rel}","templated":true}]}}