{"id":11464,"date":"2019-08-11T15:52:28","date_gmt":"2019-08-11T18:52:28","guid":{"rendered":"https:\/\/blogs.gazetaesportiva.com\/albertohelena\/?p=11464"},"modified":"2019-08-11T15:57:13","modified_gmt":"2019-08-11T18:57:13","slug":"11464","status":"publish","type":"post","link":"https:\/\/blogs.gazetaesportiva.com\/albertohelena\/2019\/08\/11\/11464\/","title":{"rendered":"Tim\u00e3o, um zero valioso"},"content":{"rendered":"<figure id=\"attachment_11465\" aria-describedby=\"caption-attachment-11465\" style=\"width: 1000px\" class=\"wp-caption aligncenter\"><a href=\"https:\/\/blogs.gazetaesportiva.com\/albertohelena\/files\/2019\/08\/interxcor6.jpg\"><img loading=\"lazy\" decoding=\"async\" data-attachment-id=\"11465\" data-permalink=\"https:\/\/blogs.gazetaesportiva.com\/albertohelena\/2019\/08\/11\/11464\/interxcor6\/\" data-orig-file=\"https:\/\/blogs.gazetaesportiva.com\/albertohelena\/files\/2019\/08\/interxcor6.jpg\" data-orig-size=\"1000,674\" data-comments-opened=\"1\" data-image-meta=\"{&quot;aperture&quot;:&quot;0&quot;,&quot;credit&quot;:&quot;&quot;,&quot;camera&quot;:&quot;&quot;,&quot;caption&quot;:&quot;&quot;,&quot;created_timestamp&quot;:&quot;0&quot;,&quot;copyright&quot;:&quot;&quot;,&quot;focal_length&quot;:&quot;0&quot;,&quot;iso&quot;:&quot;0&quot;,&quot;shutter_speed&quot;:&quot;0&quot;,&quot;title&quot;:&quot;&quot;,&quot;orientation&quot;:&quot;0&quot;}\" data-image-title=\"interxcor6\" data-image-description=\"\" data-image-caption=\"&lt;p&gt;Foto: Ricardo Duarte\/SCI&lt;\/p&gt;\n\" data-medium-file=\"https:\/\/blogs.gazetaesportiva.com\/albertohelena\/files\/2019\/08\/interxcor6-300x202.jpg\" data-large-file=\"https:\/\/blogs.gazetaesportiva.com\/albertohelena\/files\/2019\/08\/interxcor6.jpg\" class=\"size-full wp-image-11465\" src=\"https:\/\/blogs.gazetaesportiva.com\/albertohelena\/files\/2019\/08\/interxcor6.jpg\" alt=\"\" width=\"1000\" height=\"674\" srcset=\"https:\/\/blogs.gazetaesportiva.com\/albertohelena\/files\/2019\/08\/interxcor6.jpg 1000w, https:\/\/blogs.gazetaesportiva.com\/albertohelena\/files\/2019\/08\/interxcor6-300x202.jpg 300w, https:\/\/blogs.gazetaesportiva.com\/albertohelena\/files\/2019\/08\/interxcor6-768x518.jpg 768w, https:\/\/blogs.gazetaesportiva.com\/albertohelena\/files\/2019\/08\/interxcor6-120x80.jpg 120w\" sizes=\"auto, (max-width: 1000px) 100vw, 1000px\" \/><\/a><figcaption id=\"caption-attachment-11465\" class=\"wp-caption-text\">Foto: Ricardo Duarte\/SCI<\/figcaption><\/figure>\n<p>Logo cedo, o Corinthians vestiu seu uniforme de amianto e saiu do Beira-Rio com valioso empate sem gols. Sem gols porque nem Corinthians, nem Inter nada fizeram para evitar esse resultado.<\/p>\n<p>\u00c9 curioso que nossos treinadores atuais passam a vida em torno dos tais treinos alem\u00e3es, tenham que nome moderninho for, pra aperfei\u00e7oar a troca de passes imediatas e exatas, e o resultado \u00e9 sempre esse: uma sucess\u00e3o de passes errados no jogo pra valer.<\/p>\n<p>Claro que para isso contribui essa legi\u00e3o de volantes e zagueiros espalhados por esses brasis afora. Afinal, s\u00e3o, por natureza, os menos habilitados a acertar um passe mais ousado e inventivo.<\/p>\n<p>Nesta manh\u00e3 de domingo, o Corinthians, por exemplo, errou trinta e cinco passes que somados \u00e0s tantas faltinhas de lado a lado d\u00e3o a dimens\u00e3o do t\u00e9dio provocado nos espectadores que j\u00e1 est\u00e3o anestesiados diante desse joguinho defensivo e descolorido do nosso futebol.<\/p>\n<p>Assim, a Fiel h\u00e1 que se jubilar com o empate fora de casa, diante de um time de gloriosa hist\u00f3ria e bem arrumadinho pelo t\u00e9cnico Odair Helmann. Afinal, garantiu-se num sexto lugar na tabela do Brasileir\u00e3o, o que n\u00e3o \u00e9 nada desprez\u00edvel nesse pobre cen\u00e1rio.<\/p>\n<p><strong>NA LINHA DO GOL<\/strong><\/p>\n<p><em>E, como este aprendiz de cronista desconfiava, Rog\u00e9rio Ceni trocou mesmo o Fortaleza pelo Cruzeiro, que anda caindo pela tabelas. Olhando assim, larga um osso, pois o Fortaleza est\u00e1 tamb\u00e9m cortejando com o descenso, pra pegar uma pedreira. Mas, Rog\u00e9rio \u00e9 um tipo determinado, quase obsessivo, no que faz, e tem bala pra tirar a Raposa do atoleiro. Depois, \u00e9 armar o grande salto da carreira no pr\u00f3ximo ano.<\/em><\/p>\n","protected":false},"excerpt":{"rendered":"<p>Logo cedo, o Corinthians vestiu seu uniforme de amianto e saiu do Beira-Rio com valioso empate sem gols. Sem gols porque nem Corinthians, nem Inter <a class=\"read-more\" href=\"https:\/\/blogs.gazetaesportiva.com\/albertohelena\/2019\/08\/11\/11464\/\">leia mais<\/a><\/p>\n","protected":false},"author":46,"featured_media":11465,"comment_status":"open","ping_status":"open","sticky":false,"template":"","format":"standard","meta":{"_jetpack_newsletter_access":"","_jetpack_dont_email_post_to_subs":false,"_jetpack_newsletter_tier_id":0,"_jetpack_memberships_contains_paywalled_content":false,"_jetpack_memberships_contains_paid_content":false,"footnotes":""},"categories":[1],"tags":[],"class_list":["post-11464","post","type-post","status-publish","format-standard","has-post-thumbnail","hentry","category-sem-categoria"],"jetpack_featured_media_url":"https:\/\/blogs.gazetaesportiva.com\/albertohelena\/files\/2019\/08\/interxcor6.jpg","jetpack_sharing_enabled":true,"jetpack_shortlink":"https:\/\/wp.me\/sekB7q-11464","_links":{"self":[{"href":"https:\/\/blogs.gazetaesportiva.com\/albertohelena\/wp-json\/wp\/v2\/posts\/11464","targetHints":{"allow":["GET"]}}],"collection":[{"href":"https:\/\/blogs.gazetaesportiva.com\/albertohelena\/wp-json\/wp\/v2\/posts"}],"about":[{"href":"https:\/\/blogs.gazetaesportiva.com\/albertohelena\/wp-json\/wp\/v2\/types\/post"}],"author":[{"embeddable":true,"href":"https:\/\/blogs.gazetaesportiva.com\/albertohelena\/wp-json\/wp\/v2\/users\/46"}],"replies":[{"embeddable":true,"href":"https:\/\/blogs.gazetaesportiva.com\/albertohelena\/wp-json\/wp\/v2\/comments?post=11464"}],"version-history":[{"count":0,"href":"https:\/\/blogs.gazetaesportiva.com\/albertohelena\/wp-json\/wp\/v2\/posts\/11464\/revisions"}],"wp:featuredmedia":[{"embeddable":true,"href":"https:\/\/blogs.gazetaesportiva.com\/albertohelena\/wp-json\/wp\/v2\/media\/11465"}],"wp:attachment":[{"href":"https:\/\/blogs.gazetaesportiva.com\/albertohelena\/wp-json\/wp\/v2\/media?parent=11464"}],"wp:term":[{"taxonomy":"category","embeddable":true,"href":"https:\/\/blogs.gazetaesportiva.com\/albertohelena\/wp-json\/wp\/v2\/categories?post=11464"},{"taxonomy":"post_tag","embeddable":true,"href":"https:\/\/blogs.gazetaesportiva.com\/albertohelena\/wp-json\/wp\/v2\/tags?post=11464"}],"curies":[{"name":"wp","href":"https:\/\/api.w.org\/{rel}","templated":true}]}}